{"id":22443,"date":"2025-12-09T18:28:57","date_gmt":"2025-12-09T17:28:57","guid":{"rendered":"https:\/\/wgphoto.pl\/t\/?p=22443"},"modified":"2025-12-09T18:28:57","modified_gmt":"2025-12-09T17:28:57","slug":"kanal","status":"publish","type":"post","link":"https:\/\/wgphoto.pl\/t\/?p=22443","title":{"rendered":"Kana\u0142"},"content":{"rendered":"\n<figure class=\"wp-block-image aligncenter size-full\"><img loading=\"lazy\" decoding=\"async\" width=\"1200\" height=\"800\" src=\"https:\/\/wgphoto.pl\/t\/wp-content\/uploads\/2025\/12\/0532-10.jpg\" alt=\"\" class=\"wp-image-22444\" srcset=\"https:\/\/wgphoto.pl\/t\/wp-content\/uploads\/2025\/12\/0532-10.jpg 1200w, https:\/\/wgphoto.pl\/t\/wp-content\/uploads\/2025\/12\/0532-10-300x200.jpg 300w, https:\/\/wgphoto.pl\/t\/wp-content\/uploads\/2025\/12\/0532-10-768x512.jpg 768w\" sizes=\"auto, (max-width: 1200px) 100vw, 1200px\" \/><\/figure>\n\n\n\n<div class=\"wp-block-group has-global-padding is-layout-constrained wp-block-group-is-layout-constrained\">\n<p>ET40-55 z poci\u0105giem w kierunku p\u00f3\u0142nocnym mija posterunek Kana\u0142 (w domy\u015ble: Gliwicki) na linii Rudziniec Gliwicki &#8211; Toszek P\u00f3\u0142noc. 11.11.2005<\/p>\n<\/div>\n","protected":false},"excerpt":{"rendered":"<p>ET40-55 z poci\u0105giem w kierunku p\u00f3\u0142nocnym mija posterunek Kana\u0142 (w domy\u015ble: Gliwicki) na linii Rudziniec Gliwicki &#8211; Toszek P\u00f3\u0142noc. 11.11.2005<\/p>\n","protected":false},"author":1,"featured_media":22444,"comment_status":"open","ping_status":"","sticky":false,"template":"","format":"standard","meta":{"footnotes":""},"categories":[62,2,311],"tags":[1365,1102,63,4596,27],"class_list":["post-22443","post","type-post","status-publish","format-standard","has-post-thumbnail","hentry","category-analog","category-kolej","category-rok-2005","tag-2005-11-11","tag-et40","tag-pkp","tag-podg-kanal","tag-polska"],"_links":{"self":[{"href":"https:\/\/wgphoto.pl\/t\/index.php?rest_route=\/wp\/v2\/posts\/22443","targetHints":{"allow":["GET"]}}],"collection":[{"href":"https:\/\/wgphoto.pl\/t\/index.php?rest_route=\/wp\/v2\/posts"}],"about":[{"href":"https:\/\/wgphoto.pl\/t\/index.php?rest_route=\/wp\/v2\/types\/post"}],"author":[{"embeddable":true,"href":"https:\/\/wgphoto.pl\/t\/index.php?rest_route=\/wp\/v2\/users\/1"}],"replies":[{"embeddable":true,"href":"https:\/\/wgphoto.pl\/t\/index.php?rest_route=%2Fwp%2Fv2%2Fcomments&post=22443"}],"version-history":[{"count":1,"href":"https:\/\/wgphoto.pl\/t\/index.php?rest_route=\/wp\/v2\/posts\/22443\/revisions"}],"predecessor-version":[{"id":22445,"href":"https:\/\/wgphoto.pl\/t\/index.php?rest_route=\/wp\/v2\/posts\/22443\/revisions\/22445"}],"wp:featuredmedia":[{"embeddable":true,"href":"https:\/\/wgphoto.pl\/t\/index.php?rest_route=\/wp\/v2\/media\/22444"}],"wp:attachment":[{"href":"https:\/\/wgphoto.pl\/t\/index.php?rest_route=%2Fwp%2Fv2%2Fmedia&parent=22443"}],"wp:term":[{"taxonomy":"category","embeddable":true,"href":"https:\/\/wgphoto.pl\/t\/index.php?rest_route=%2Fwp%2Fv2%2Fcategories&post=22443"},{"taxonomy":"post_tag","embeddable":true,"href":"https:\/\/wgphoto.pl\/t\/index.php?rest_route=%2Fwp%2Fv2%2Ftags&post=22443"}],"curies":[{"name":"wp","href":"https:\/\/api.w.org\/{rel}","templated":true}]}}