{"id":22446,"date":"2025-12-09T18:29:52","date_gmt":"2025-12-09T17:29:52","guid":{"rendered":"https:\/\/wgphoto.pl\/t\/?p=22446"},"modified":"2025-12-09T18:29:52","modified_gmt":"2025-12-09T17:29:52","slug":"ir-na-dwie-siodemki","status":"publish","type":"post","link":"https:\/\/wgphoto.pl\/t\/?p=22446","title":{"rendered":"IR na dwie si\u00f3demki"},"content":{"rendered":"\n<figure class=\"wp-block-image aligncenter size-full\"><img loading=\"lazy\" decoding=\"async\" width=\"1400\" height=\"927\" src=\"https:\/\/wgphoto.pl\/t\/wp-content\/uploads\/2025\/12\/0229-22_rsn.jpg\" alt=\"\" class=\"wp-image-22447\" srcset=\"https:\/\/wgphoto.pl\/t\/wp-content\/uploads\/2025\/12\/0229-22_rsn.jpg 1400w, https:\/\/wgphoto.pl\/t\/wp-content\/uploads\/2025\/12\/0229-22_rsn-300x199.jpg 300w, https:\/\/wgphoto.pl\/t\/wp-content\/uploads\/2025\/12\/0229-22_rsn-768x509.jpg 768w\" sizes=\"auto, (max-width: 1400px) 100vw, 1400px\" \/><\/figure>\n\n\n\n<div class=\"wp-block-group has-global-padding is-layout-constrained wp-block-group-is-layout-constrained\">\n<p>EU07-103 i 121 z poci\u0105giem IR454\/60003 relacji Wroc\u0142aw G\u0142. &#8211; Dresden Hbf na szlaku Podg Grabiszyn &#8211; Wroc\u0142aw Muchob\u00f3r. Taki duet na tym poci\u0105gu by\u0142 planowy i pod koniec obowi\u0105zywania rocznego rozk\u0142adu jazdy cz\u0119sto go fotografowa\u0142em. 12.12.2002<\/p>\n<\/div>\n","protected":false},"excerpt":{"rendered":"<p>EU07-103 i 121 z poci\u0105giem IR454\/60003 relacji Wroc\u0142aw G\u0142. &#8211; Dresden Hbf na szlaku Podg Grabiszyn &#8211; Wroc\u0142aw Muchob\u00f3r. Taki duet na tym poci\u0105gu by\u0142 planowy i pod koniec obowi\u0105zywania rocznego rozk\u0142adu jazdy cz\u0119sto go fotografowa\u0142em. 12.12.2002<\/p>\n","protected":false},"author":1,"featured_media":22447,"comment_status":"open","ping_status":"","sticky":false,"template":"","format":"standard","meta":{"footnotes":""},"categories":[62,2,577],"tags":[4597,122,63,1544,27,233,41,1581],"class_list":["post-22446","post","type-post","status-publish","format-standard","has-post-thumbnail","hentry","category-analog","category-kolej","category-rok-2002","tag-2002-12-12","tag-eu07","tag-pkp","tag-podg-grabiszyn","tag-polska","tag-tab-pl260","tag-wroclaw","tag-wroclaw-muchobor"],"_links":{"self":[{"href":"https:\/\/wgphoto.pl\/t\/index.php?rest_route=\/wp\/v2\/posts\/22446","targetHints":{"allow":["GET"]}}],"collection":[{"href":"https:\/\/wgphoto.pl\/t\/index.php?rest_route=\/wp\/v2\/posts"}],"about":[{"href":"https:\/\/wgphoto.pl\/t\/index.php?rest_route=\/wp\/v2\/types\/post"}],"author":[{"embeddable":true,"href":"https:\/\/wgphoto.pl\/t\/index.php?rest_route=\/wp\/v2\/users\/1"}],"replies":[{"embeddable":true,"href":"https:\/\/wgphoto.pl\/t\/index.php?rest_route=%2Fwp%2Fv2%2Fcomments&post=22446"}],"version-history":[{"count":1,"href":"https:\/\/wgphoto.pl\/t\/index.php?rest_route=\/wp\/v2\/posts\/22446\/revisions"}],"predecessor-version":[{"id":22448,"href":"https:\/\/wgphoto.pl\/t\/index.php?rest_route=\/wp\/v2\/posts\/22446\/revisions\/22448"}],"wp:featuredmedia":[{"embeddable":true,"href":"https:\/\/wgphoto.pl\/t\/index.php?rest_route=\/wp\/v2\/media\/22447"}],"wp:attachment":[{"href":"https:\/\/wgphoto.pl\/t\/index.php?rest_route=%2Fwp%2Fv2%2Fmedia&parent=22446"}],"wp:term":[{"taxonomy":"category","embeddable":true,"href":"https:\/\/wgphoto.pl\/t\/index.php?rest_route=%2Fwp%2Fv2%2Fcategories&post=22446"},{"taxonomy":"post_tag","embeddable":true,"href":"https:\/\/wgphoto.pl\/t\/index.php?rest_route=%2Fwp%2Fv2%2Ftags&post=22446"}],"curies":[{"name":"wp","href":"https:\/\/api.w.org\/{rel}","templated":true}]}}