{"id":22464,"date":"2025-12-12T19:59:34","date_gmt":"2025-12-12T18:59:34","guid":{"rendered":"https:\/\/wgphoto.pl\/t\/?p=22464"},"modified":"2025-12-12T19:59:34","modified_gmt":"2025-12-12T18:59:34","slug":"105na-22802281","status":"publish","type":"post","link":"https:\/\/wgphoto.pl\/t\/?p=22464","title":{"rendered":"105Na 2280+2281"},"content":{"rendered":"\n<figure class=\"wp-block-image aligncenter size-full\"><img loading=\"lazy\" decoding=\"async\" width=\"800\" height=\"1000\" src=\"https:\/\/wgphoto.pl\/t\/wp-content\/uploads\/2025\/12\/0230-34_rsn.jpg\" alt=\"\" class=\"wp-image-22465\" srcset=\"https:\/\/wgphoto.pl\/t\/wp-content\/uploads\/2025\/12\/0230-34_rsn.jpg 800w, https:\/\/wgphoto.pl\/t\/wp-content\/uploads\/2025\/12\/0230-34_rsn-240x300.jpg 240w, https:\/\/wgphoto.pl\/t\/wp-content\/uploads\/2025\/12\/0230-34_rsn-768x960.jpg 768w\" sizes=\"auto, (max-width: 800px) 100vw, 800px\" \/><\/figure>\n\n\n\n<div class=\"wp-block-group has-global-padding is-layout-constrained wp-block-group-is-layout-constrained\">\n<p>105Na 2280+2281 jako objazdowa jedenastka mija szko\u0142\u0119 podstawow\u0105 nr 1 przy ul. Nowowiejskiej we Wroc\u0142awiu. 24.12.2002<\/p>\n<\/div>\n","protected":false},"excerpt":{"rendered":"<p>105Na 2280+2281 jako objazdowa jedenastka mija szko\u0142\u0119 podstawow\u0105 nr 1 przy ul. Nowowiejskiej we Wroc\u0142awiu. 24.12.2002<\/p>\n","protected":false},"author":1,"featured_media":22465,"comment_status":"open","ping_status":"","sticky":false,"template":"","format":"standard","meta":{"footnotes":""},"categories":[62,128,577,3],"tags":[155,1215,418,42,27,41],"class_list":["post-22464","post","type-post","status-publish","format-standard","has-post-thumbnail","hentry","category-analog","category-pionowe","category-rok-2002","category-tramwaj","tag-105na","tag-2002-12-24","tag-auto","tag-mpk-wroclaw","tag-polska","tag-wroclaw"],"_links":{"self":[{"href":"https:\/\/wgphoto.pl\/t\/index.php?rest_route=\/wp\/v2\/posts\/22464","targetHints":{"allow":["GET"]}}],"collection":[{"href":"https:\/\/wgphoto.pl\/t\/index.php?rest_route=\/wp\/v2\/posts"}],"about":[{"href":"https:\/\/wgphoto.pl\/t\/index.php?rest_route=\/wp\/v2\/types\/post"}],"author":[{"embeddable":true,"href":"https:\/\/wgphoto.pl\/t\/index.php?rest_route=\/wp\/v2\/users\/1"}],"replies":[{"embeddable":true,"href":"https:\/\/wgphoto.pl\/t\/index.php?rest_route=%2Fwp%2Fv2%2Fcomments&post=22464"}],"version-history":[{"count":1,"href":"https:\/\/wgphoto.pl\/t\/index.php?rest_route=\/wp\/v2\/posts\/22464\/revisions"}],"predecessor-version":[{"id":22466,"href":"https:\/\/wgphoto.pl\/t\/index.php?rest_route=\/wp\/v2\/posts\/22464\/revisions\/22466"}],"wp:featuredmedia":[{"embeddable":true,"href":"https:\/\/wgphoto.pl\/t\/index.php?rest_route=\/wp\/v2\/media\/22465"}],"wp:attachment":[{"href":"https:\/\/wgphoto.pl\/t\/index.php?rest_route=%2Fwp%2Fv2%2Fmedia&parent=22464"}],"wp:term":[{"taxonomy":"category","embeddable":true,"href":"https:\/\/wgphoto.pl\/t\/index.php?rest_route=%2Fwp%2Fv2%2Fcategories&post=22464"},{"taxonomy":"post_tag","embeddable":true,"href":"https:\/\/wgphoto.pl\/t\/index.php?rest_route=%2Fwp%2Fv2%2Ftags&post=22464"}],"curies":[{"name":"wp","href":"https:\/\/api.w.org\/{rel}","templated":true}]}}