{"id":2251,"date":"2024-10-11T19:34:09","date_gmt":"2024-10-11T17:34:09","guid":{"rendered":"https:\/\/wgphoto.pl\/t\/?p=2251"},"modified":"2024-10-11T19:34:09","modified_gmt":"2024-10-11T17:34:09","slug":"troche-historii","status":"publish","type":"post","link":"https:\/\/wgphoto.pl\/t\/?p=2251","title":{"rendered":"Troch\u0119 historii"},"content":{"rendered":"\n<figure class=\"wp-block-image aligncenter size-full\"><img loading=\"lazy\" decoding=\"async\" width=\"1200\" height=\"795\" src=\"https:\/\/wgphoto.pl\/t\/wp-content\/uploads\/2024\/10\/IMGP1408.jpg\" alt=\"\" class=\"wp-image-2252\" srcset=\"https:\/\/wgphoto.pl\/t\/wp-content\/uploads\/2024\/10\/IMGP1408.jpg 1200w, https:\/\/wgphoto.pl\/t\/wp-content\/uploads\/2024\/10\/IMGP1408-300x199.jpg 300w, https:\/\/wgphoto.pl\/t\/wp-content\/uploads\/2024\/10\/IMGP1408-768x509.jpg 768w\" sizes=\"auto, (max-width: 1200px) 100vw, 1200px\" \/><\/figure>\n\n\n\n<div class=\"wp-block-group has-global-padding is-layout-constrained wp-block-group-is-layout-constrained\">\n<p>Lipsk, Prager Stra\u00dfe. D\u0142ugi niskacz zatrzymuje si\u0119 na przystanku pod monumentalnym (najwi\u0119kszym zreszt\u0105 w Europie) pomnikiem Bitwy Narod\u00f3w &#8211; najwi\u0119kszej bitwy okresu napoleo\u0144skiego, kt\u00f3ra w 1813 roku rozegra\u0142a si\u0119 w okolicach Lipska. 03.05.2017<\/p>\n<\/div>\n","protected":false},"excerpt":{"rendered":"<p>Lipsk, Prager Stra\u00dfe. D\u0142ugi niskacz zatrzymuje si\u0119 na przystanku pod monumentalnym (najwi\u0119kszym zreszt\u0105 w Europie) pomnikiem Bitwy Narod\u00f3w &#8211; najwi\u0119kszej bitwy okresu napoleo\u0144skiego, kt\u00f3ra w 1813 roku rozegra\u0142a si\u0119 w okolicach Lipska. 03.05.2017<\/p>\n","protected":false},"author":1,"featured_media":2252,"comment_status":"open","ping_status":"","sticky":false,"template":"","format":"standard","meta":{"footnotes":""},"categories":[368,3],"tags":[1181,34,1126,1180,1179,787,23,143,176],"class_list":["post-2251","post","type-post","status-publish","format-standard","has-post-thumbnail","hentry","category-rok-2017","category-tramwaj","tag-2017-05-03","tag-architektura","tag-bombardier-flexity-classic","tag-lipsk","tag-lvb-leipzig","tag-majowka-2017-2","tag-niemcy","tag-ponad-30m","tag-rano"],"_links":{"self":[{"href":"https:\/\/wgphoto.pl\/t\/index.php?rest_route=\/wp\/v2\/posts\/2251","targetHints":{"allow":["GET"]}}],"collection":[{"href":"https:\/\/wgphoto.pl\/t\/index.php?rest_route=\/wp\/v2\/posts"}],"about":[{"href":"https:\/\/wgphoto.pl\/t\/index.php?rest_route=\/wp\/v2\/types\/post"}],"author":[{"embeddable":true,"href":"https:\/\/wgphoto.pl\/t\/index.php?rest_route=\/wp\/v2\/users\/1"}],"replies":[{"embeddable":true,"href":"https:\/\/wgphoto.pl\/t\/index.php?rest_route=%2Fwp%2Fv2%2Fcomments&post=2251"}],"version-history":[{"count":1,"href":"https:\/\/wgphoto.pl\/t\/index.php?rest_route=\/wp\/v2\/posts\/2251\/revisions"}],"predecessor-version":[{"id":2253,"href":"https:\/\/wgphoto.pl\/t\/index.php?rest_route=\/wp\/v2\/posts\/2251\/revisions\/2253"}],"wp:featuredmedia":[{"embeddable":true,"href":"https:\/\/wgphoto.pl\/t\/index.php?rest_route=\/wp\/v2\/media\/2252"}],"wp:attachment":[{"href":"https:\/\/wgphoto.pl\/t\/index.php?rest_route=%2Fwp%2Fv2%2Fmedia&parent=2251"}],"wp:term":[{"taxonomy":"category","embeddable":true,"href":"https:\/\/wgphoto.pl\/t\/index.php?rest_route=%2Fwp%2Fv2%2Fcategories&post=2251"},{"taxonomy":"post_tag","embeddable":true,"href":"https:\/\/wgphoto.pl\/t\/index.php?rest_route=%2Fwp%2Fv2%2Ftags&post=2251"}],"curies":[{"name":"wp","href":"https:\/\/api.w.org\/{rel}","templated":true}]}}