{"id":2257,"date":"2024-10-11T19:36:40","date_gmt":"2024-10-11T17:36:40","guid":{"rendered":"https:\/\/wgphoto.pl\/t\/?p=2257"},"modified":"2024-10-11T19:36:40","modified_gmt":"2024-10-11T17:36:40","slug":"tramwajem-za-miasto","status":"publish","type":"post","link":"https:\/\/wgphoto.pl\/t\/?p=2257","title":{"rendered":"Tramwajem za miasto"},"content":{"rendered":"\n<figure class=\"wp-block-image aligncenter size-full\"><img loading=\"lazy\" decoding=\"async\" width=\"1200\" height=\"795\" src=\"https:\/\/wgphoto.pl\/t\/wp-content\/uploads\/2024\/10\/IMGP6310.jpg\" alt=\"\" class=\"wp-image-2258\" srcset=\"https:\/\/wgphoto.pl\/t\/wp-content\/uploads\/2024\/10\/IMGP6310.jpg 1200w, https:\/\/wgphoto.pl\/t\/wp-content\/uploads\/2024\/10\/IMGP6310-300x199.jpg 300w, https:\/\/wgphoto.pl\/t\/wp-content\/uploads\/2024\/10\/IMGP6310-768x509.jpg 768w\" sizes=\"auto, (max-width: 1200px) 100vw, 1200px\" \/><\/figure>\n\n\n\n<div class=\"wp-block-group has-global-padding is-layout-constrained wp-block-group-is-layout-constrained\">\n<p>\u2026zw\u0142aszcza takim, kt\u00f3ry porusza si\u0119 szybciej ni\u017c wi\u0119kszo\u015b\u0107 tramwaj\u00f3w. Tramwaj linii C zbli\u017ca si\u0119 do przystanku Fonte do Cuco w miejscowo\u015bci Matosinhos, w aglomeracji Porto. 19.02.2018<\/p>\n<\/div>\n","protected":false},"excerpt":{"rendered":"<p>\u2026zw\u0142aszcza takim, kt\u00f3ry porusza si\u0119 szybciej ni\u017c wi\u0119kszo\u015b\u0107 tramwaj\u00f3w. Tramwaj linii C zbli\u017ca si\u0119 do przystanku Fonte do Cuco w miejscowo\u015bci Matosinhos, w aglomeracji Porto. 19.02.2018<\/p>\n","protected":false},"author":1,"featured_media":2258,"comment_status":"open","ping_status":"","sticky":false,"template":"","format":"standard","meta":{"footnotes":""},"categories":[4,156,3],"tags":[1185,683,504,503,297,505],"class_list":["post-2257","post","type-post","status-publish","format-standard","has-post-thumbnail","hentry","category-metro","category-rok-2018","category-tramwaj","tag-2018-02-19","tag-bombardier-flexity-swift","tag-metro-do-porto","tag-porto","tag-portugalia","tag-portugalia-2018"],"_links":{"self":[{"href":"https:\/\/wgphoto.pl\/t\/index.php?rest_route=\/wp\/v2\/posts\/2257","targetHints":{"allow":["GET"]}}],"collection":[{"href":"https:\/\/wgphoto.pl\/t\/index.php?rest_route=\/wp\/v2\/posts"}],"about":[{"href":"https:\/\/wgphoto.pl\/t\/index.php?rest_route=\/wp\/v2\/types\/post"}],"author":[{"embeddable":true,"href":"https:\/\/wgphoto.pl\/t\/index.php?rest_route=\/wp\/v2\/users\/1"}],"replies":[{"embeddable":true,"href":"https:\/\/wgphoto.pl\/t\/index.php?rest_route=%2Fwp%2Fv2%2Fcomments&post=2257"}],"version-history":[{"count":1,"href":"https:\/\/wgphoto.pl\/t\/index.php?rest_route=\/wp\/v2\/posts\/2257\/revisions"}],"predecessor-version":[{"id":2259,"href":"https:\/\/wgphoto.pl\/t\/index.php?rest_route=\/wp\/v2\/posts\/2257\/revisions\/2259"}],"wp:featuredmedia":[{"embeddable":true,"href":"https:\/\/wgphoto.pl\/t\/index.php?rest_route=\/wp\/v2\/media\/2258"}],"wp:attachment":[{"href":"https:\/\/wgphoto.pl\/t\/index.php?rest_route=%2Fwp%2Fv2%2Fmedia&parent=2257"}],"wp:term":[{"taxonomy":"category","embeddable":true,"href":"https:\/\/wgphoto.pl\/t\/index.php?rest_route=%2Fwp%2Fv2%2Fcategories&post=2257"},{"taxonomy":"post_tag","embeddable":true,"href":"https:\/\/wgphoto.pl\/t\/index.php?rest_route=%2Fwp%2Fv2%2Ftags&post=2257"}],"curies":[{"name":"wp","href":"https:\/\/api.w.org\/{rel}","templated":true}]}}