{"id":2260,"date":"2024-10-11T19:37:39","date_gmt":"2024-10-11T17:37:39","guid":{"rendered":"https:\/\/wgphoto.pl\/t\/?p=2260"},"modified":"2024-10-11T19:37:39","modified_gmt":"2024-10-11T17:37:39","slug":"z-krawedzi-peronu","status":"publish","type":"post","link":"https:\/\/wgphoto.pl\/t\/?p=2260","title":{"rendered":"Z kraw\u0119dzi peronu"},"content":{"rendered":"\n<figure class=\"wp-block-image aligncenter size-full\"><img loading=\"lazy\" decoding=\"async\" width=\"1200\" height=\"800\" src=\"https:\/\/wgphoto.pl\/t\/wp-content\/uploads\/2024\/10\/0620-05.jpg\" alt=\"\" class=\"wp-image-2261\" srcset=\"https:\/\/wgphoto.pl\/t\/wp-content\/uploads\/2024\/10\/0620-05.jpg 1200w, https:\/\/wgphoto.pl\/t\/wp-content\/uploads\/2024\/10\/0620-05-300x200.jpg 300w, https:\/\/wgphoto.pl\/t\/wp-content\/uploads\/2024\/10\/0620-05-768x512.jpg 768w\" sizes=\"auto, (max-width: 1200px) 100vw, 1200px\" \/><\/figure>\n\n\n\n<div class=\"wp-block-group has-global-padding is-layout-constrained wp-block-group-is-layout-constrained\">\n<p>EN57-920+? jako poci\u0105g osobowy 323 relacji Wroc\u0142aw G\u0142. &#8211; K\u0142odzko G\u0142. zatrzymuje si\u0119 w Bia\u0142ym Ko\u015bciele. 15.08.2006<\/p>\n<\/div>\n","protected":false},"excerpt":{"rendered":"<p>EN57-920+? jako poci\u0105g osobowy 323 relacji Wroc\u0142aw G\u0142. &#8211; K\u0142odzko G\u0142. zatrzymuje si\u0119 w Bia\u0142ym Ko\u015bciele. 15.08.2006<\/p>\n","protected":false},"author":1,"featured_media":2261,"comment_status":"open","ping_status":"","sticky":false,"template":"","format":"standard","meta":{"footnotes":""},"categories":[62,2,130],"tags":[1187,647,132,151,1186,24,63,383],"class_list":["post-2260","post","type-post","status-publish","format-standard","has-post-thumbnail","hentry","category-analog","category-kolej","category-rok-2006","tag-2006-08-15","tag-bialy-kosciol","tag-en57","tag-ludzie","tag-na-wsiadanego","tag-perony","tag-pkp","tag-tab-pl230"],"_links":{"self":[{"href":"https:\/\/wgphoto.pl\/t\/index.php?rest_route=\/wp\/v2\/posts\/2260","targetHints":{"allow":["GET"]}}],"collection":[{"href":"https:\/\/wgphoto.pl\/t\/index.php?rest_route=\/wp\/v2\/posts"}],"about":[{"href":"https:\/\/wgphoto.pl\/t\/index.php?rest_route=\/wp\/v2\/types\/post"}],"author":[{"embeddable":true,"href":"https:\/\/wgphoto.pl\/t\/index.php?rest_route=\/wp\/v2\/users\/1"}],"replies":[{"embeddable":true,"href":"https:\/\/wgphoto.pl\/t\/index.php?rest_route=%2Fwp%2Fv2%2Fcomments&post=2260"}],"version-history":[{"count":1,"href":"https:\/\/wgphoto.pl\/t\/index.php?rest_route=\/wp\/v2\/posts\/2260\/revisions"}],"predecessor-version":[{"id":2262,"href":"https:\/\/wgphoto.pl\/t\/index.php?rest_route=\/wp\/v2\/posts\/2260\/revisions\/2262"}],"wp:featuredmedia":[{"embeddable":true,"href":"https:\/\/wgphoto.pl\/t\/index.php?rest_route=\/wp\/v2\/media\/2261"}],"wp:attachment":[{"href":"https:\/\/wgphoto.pl\/t\/index.php?rest_route=%2Fwp%2Fv2%2Fmedia&parent=2260"}],"wp:term":[{"taxonomy":"category","embeddable":true,"href":"https:\/\/wgphoto.pl\/t\/index.php?rest_route=%2Fwp%2Fv2%2Fcategories&post=2260"},{"taxonomy":"post_tag","embeddable":true,"href":"https:\/\/wgphoto.pl\/t\/index.php?rest_route=%2Fwp%2Fv2%2Ftags&post=2260"}],"curies":[{"name":"wp","href":"https:\/\/api.w.org\/{rel}","templated":true}]}}