{"id":2263,"date":"2024-10-11T19:38:43","date_gmt":"2024-10-11T17:38:43","guid":{"rendered":"https:\/\/wgphoto.pl\/t\/?p=2263"},"modified":"2024-10-11T19:38:43","modified_gmt":"2024-10-11T17:38:43","slug":"en57-087-sulechow","status":"publish","type":"post","link":"https:\/\/wgphoto.pl\/t\/?p=2263","title":{"rendered":"EN57-087, Sulech\u00f3w"},"content":{"rendered":"\n<figure class=\"wp-block-image aligncenter size-full\"><img loading=\"lazy\" decoding=\"async\" width=\"1200\" height=\"803\" src=\"https:\/\/wgphoto.pl\/t\/wp-content\/uploads\/2024\/10\/IMGP8101.jpg\" alt=\"\" class=\"wp-image-2264\" srcset=\"https:\/\/wgphoto.pl\/t\/wp-content\/uploads\/2024\/10\/IMGP8101.jpg 1200w, https:\/\/wgphoto.pl\/t\/wp-content\/uploads\/2024\/10\/IMGP8101-300x201.jpg 300w, https:\/\/wgphoto.pl\/t\/wp-content\/uploads\/2024\/10\/IMGP8101-768x514.jpg 768w\" sizes=\"auto, (max-width: 1200px) 100vw, 1200px\" \/><\/figure>\n\n\n\n<div class=\"wp-block-group has-global-padding is-layout-constrained wp-block-group-is-layout-constrained\">\n<p>Pierwszy poranny poci\u0105g osobowy ze Zb\u0105szynka do Zielonej G\u00f3ry opuszcza Sulech\u00f3w. 02.08.2009<\/p>\n<\/div>\n","protected":false},"excerpt":{"rendered":"<p>Pierwszy poranny poci\u0105g osobowy ze Zb\u0105szynka do Zielonej G\u00f3ry opuszcza Sulech\u00f3w. 02.08.2009<\/p>\n","protected":false},"author":1,"featured_media":2264,"comment_status":"open","ping_status":"","sticky":false,"template":"","format":"standard","meta":{"footnotes":""},"categories":[2,169],"tags":[1070,132,173,63,27,176,1188,53,1189],"class_list":["post-2263","post","type-post","status-publish","format-standard","has-post-thumbnail","hentry","category-kolej","category-rok-2009","tag-2009-08-02","tag-en57","tag-koncowki","tag-pkp","tag-polska","tag-rano","tag-sulechow","tag-sygnalizacja-ksztaltowa","tag-tab-pl333"],"_links":{"self":[{"href":"https:\/\/wgphoto.pl\/t\/index.php?rest_route=\/wp\/v2\/posts\/2263","targetHints":{"allow":["GET"]}}],"collection":[{"href":"https:\/\/wgphoto.pl\/t\/index.php?rest_route=\/wp\/v2\/posts"}],"about":[{"href":"https:\/\/wgphoto.pl\/t\/index.php?rest_route=\/wp\/v2\/types\/post"}],"author":[{"embeddable":true,"href":"https:\/\/wgphoto.pl\/t\/index.php?rest_route=\/wp\/v2\/users\/1"}],"replies":[{"embeddable":true,"href":"https:\/\/wgphoto.pl\/t\/index.php?rest_route=%2Fwp%2Fv2%2Fcomments&post=2263"}],"version-history":[{"count":1,"href":"https:\/\/wgphoto.pl\/t\/index.php?rest_route=\/wp\/v2\/posts\/2263\/revisions"}],"predecessor-version":[{"id":2265,"href":"https:\/\/wgphoto.pl\/t\/index.php?rest_route=\/wp\/v2\/posts\/2263\/revisions\/2265"}],"wp:featuredmedia":[{"embeddable":true,"href":"https:\/\/wgphoto.pl\/t\/index.php?rest_route=\/wp\/v2\/media\/2264"}],"wp:attachment":[{"href":"https:\/\/wgphoto.pl\/t\/index.php?rest_route=%2Fwp%2Fv2%2Fmedia&parent=2263"}],"wp:term":[{"taxonomy":"category","embeddable":true,"href":"https:\/\/wgphoto.pl\/t\/index.php?rest_route=%2Fwp%2Fv2%2Fcategories&post=2263"},{"taxonomy":"post_tag","embeddable":true,"href":"https:\/\/wgphoto.pl\/t\/index.php?rest_route=%2Fwp%2Fv2%2Ftags&post=2263"}],"curies":[{"name":"wp","href":"https:\/\/api.w.org\/{rel}","templated":true}]}}