{"id":2282,"date":"2024-10-11T19:45:33","date_gmt":"2024-10-11T17:45:33","guid":{"rendered":"https:\/\/wgphoto.pl\/t\/?p=2282"},"modified":"2024-10-11T19:45:33","modified_gmt":"2024-10-11T17:45:33","slug":"zloty-tramwaj","status":"publish","type":"post","link":"https:\/\/wgphoto.pl\/t\/?p=2282","title":{"rendered":"Z\u0142oty tramwaj"},"content":{"rendered":"\n<figure class=\"wp-block-image aligncenter size-full\"><img loading=\"lazy\" decoding=\"async\" width=\"1200\" height=\"803\" src=\"https:\/\/wgphoto.pl\/t\/wp-content\/uploads\/2024\/10\/IMGP6780.jpg\" alt=\"\" class=\"wp-image-2283\" srcset=\"https:\/\/wgphoto.pl\/t\/wp-content\/uploads\/2024\/10\/IMGP6780.jpg 1200w, https:\/\/wgphoto.pl\/t\/wp-content\/uploads\/2024\/10\/IMGP6780-300x201.jpg 300w, https:\/\/wgphoto.pl\/t\/wp-content\/uploads\/2024\/10\/IMGP6780-768x514.jpg 768w\" sizes=\"auto, (max-width: 1200px) 100vw, 1200px\" \/><\/figure>\n\n\n\n<div class=\"wp-block-group has-global-padding is-layout-constrained wp-block-group-is-layout-constrained\">\n<p>Porto, Pra\u00e7a de Parada Leit\u00e3o, ko\u0144c\u00f3wka Carmo. Co p\u00f3\u0142 godziny, w cieniu ko\u015bcio\u0142a Igreja do Carmo, odbywa si\u0119 tutaj skomunikowanie drzwi w drzwi pomi\u0119dzy tramwajami linii 18 i 22. Gdyby kto\u015b pyta\u0142, sk\u0105d takie o\u015bwietlenie, spiesz\u0119 poinformowa\u0107, \u017ce ze \u015bwiat\u0142a s\u0142onecznego odbitego od wielkiej &#8222;blendy&#8221;, za jak\u0105 pos\u0142u\u017cy\u0142 budynek uniwersytetu. 02.09.2010<\/p>\n<\/div>\n","protected":false},"excerpt":{"rendered":"<p>Porto, Pra\u00e7a de Parada Leit\u00e3o, ko\u0144c\u00f3wka Carmo. Co p\u00f3\u0142 godziny, w cieniu ko\u015bcio\u0142a Igreja do Carmo, odbywa si\u0119 tutaj skomunikowanie drzwi w drzwi pomi\u0119dzy tramwajami linii 18 i 22. Gdyby kto\u015b pyta\u0142, sk\u0105d takie o\u015bwietlenie, spiesz\u0119 poinformowa\u0107, \u017ce ze \u015bwiat\u0142a s\u0142onecznego odbitego od wielkiej &#8222;blendy&#8221;, za jak\u0105 pos\u0142u\u017cy\u0142 budynek uniwersytetu. 02.09.2010<\/p>\n","protected":false},"author":1,"featured_media":2283,"comment_status":"open","ping_status":"","sticky":false,"template":"","format":"standard","meta":{"footnotes":""},"categories":[86,3],"tags":[1198,34,1197,503,297,181,1196],"class_list":["post-2282","post","type-post","status-publish","format-standard","has-post-thumbnail","hentry","category-rok-2010","category-tramwaj","tag-2010-09-02","tag-architektura","tag-brill-28","tag-porto","tag-portugalia","tag-slonce","tag-stcp-porto"],"_links":{"self":[{"href":"https:\/\/wgphoto.pl\/t\/index.php?rest_route=\/wp\/v2\/posts\/2282","targetHints":{"allow":["GET"]}}],"collection":[{"href":"https:\/\/wgphoto.pl\/t\/index.php?rest_route=\/wp\/v2\/posts"}],"about":[{"href":"https:\/\/wgphoto.pl\/t\/index.php?rest_route=\/wp\/v2\/types\/post"}],"author":[{"embeddable":true,"href":"https:\/\/wgphoto.pl\/t\/index.php?rest_route=\/wp\/v2\/users\/1"}],"replies":[{"embeddable":true,"href":"https:\/\/wgphoto.pl\/t\/index.php?rest_route=%2Fwp%2Fv2%2Fcomments&post=2282"}],"version-history":[{"count":1,"href":"https:\/\/wgphoto.pl\/t\/index.php?rest_route=\/wp\/v2\/posts\/2282\/revisions"}],"predecessor-version":[{"id":2284,"href":"https:\/\/wgphoto.pl\/t\/index.php?rest_route=\/wp\/v2\/posts\/2282\/revisions\/2284"}],"wp:featuredmedia":[{"embeddable":true,"href":"https:\/\/wgphoto.pl\/t\/index.php?rest_route=\/wp\/v2\/media\/2283"}],"wp:attachment":[{"href":"https:\/\/wgphoto.pl\/t\/index.php?rest_route=%2Fwp%2Fv2%2Fmedia&parent=2282"}],"wp:term":[{"taxonomy":"category","embeddable":true,"href":"https:\/\/wgphoto.pl\/t\/index.php?rest_route=%2Fwp%2Fv2%2Fcategories&post=2282"},{"taxonomy":"post_tag","embeddable":true,"href":"https:\/\/wgphoto.pl\/t\/index.php?rest_route=%2Fwp%2Fv2%2Ftags&post=2282"}],"curies":[{"name":"wp","href":"https:\/\/api.w.org\/{rel}","templated":true}]}}