{"id":22826,"date":"2026-01-28T19:21:58","date_gmt":"2026-01-28T18:21:58","guid":{"rendered":"https:\/\/wgphoto.pl\/t\/?p=22826"},"modified":"2026-01-28T19:21:58","modified_gmt":"2026-01-28T18:21:58","slug":"kragle-ksztalty","status":"publish","type":"post","link":"https:\/\/wgphoto.pl\/t\/?p=22826","title":{"rendered":"Kr\u0105g\u0142e kszta\u0142ty"},"content":{"rendered":"\n<figure class=\"wp-block-image aligncenter size-full\"><img loading=\"lazy\" decoding=\"async\" width=\"850\" height=\"1283\" src=\"https:\/\/wgphoto.pl\/t\/wp-content\/uploads\/2026\/01\/IMGP2876.jpg\" alt=\"\" class=\"wp-image-22827\" srcset=\"https:\/\/wgphoto.pl\/t\/wp-content\/uploads\/2026\/01\/IMGP2876.jpg 850w, https:\/\/wgphoto.pl\/t\/wp-content\/uploads\/2026\/01\/IMGP2876-199x300.jpg 199w, https:\/\/wgphoto.pl\/t\/wp-content\/uploads\/2026\/01\/IMGP2876-768x1159.jpg 768w\" sizes=\"auto, (max-width: 850px) 100vw, 850px\" \/><\/figure>\n\n\n\n<div class=\"wp-block-group has-global-padding is-layout-constrained wp-block-group-is-layout-constrained\">\n<p>Pozna\u0144, ul. Aleksandra Fredry, GT8 709. Kr\u0105g\u0142e kszta\u0142ty na szynach i w architekturze. 19.02.2019<\/p>\n<\/div>\n","protected":false},"excerpt":{"rendered":"<p>Pozna\u0144, ul. Aleksandra Fredry, GT8 709. Kr\u0105g\u0142e kszta\u0142ty na szynach i w architekturze. 19.02.2019<\/p>\n","protected":false},"author":1,"featured_media":22827,"comment_status":"open","ping_status":"","sticky":false,"template":"","format":"standard","meta":{"footnotes":""},"categories":[128,136,3],"tags":[182,34,238,236,27,235],"class_list":["post-22826","post","type-post","status-publish","format-standard","has-post-thumbnail","hentry","category-pionowe","category-rok-2019","category-tramwaj","tag-2019-02-19","tag-architektura","tag-gt8","tag-mpk-poznan","tag-polska","tag-poznan"],"_links":{"self":[{"href":"https:\/\/wgphoto.pl\/t\/index.php?rest_route=\/wp\/v2\/posts\/22826","targetHints":{"allow":["GET"]}}],"collection":[{"href":"https:\/\/wgphoto.pl\/t\/index.php?rest_route=\/wp\/v2\/posts"}],"about":[{"href":"https:\/\/wgphoto.pl\/t\/index.php?rest_route=\/wp\/v2\/types\/post"}],"author":[{"embeddable":true,"href":"https:\/\/wgphoto.pl\/t\/index.php?rest_route=\/wp\/v2\/users\/1"}],"replies":[{"embeddable":true,"href":"https:\/\/wgphoto.pl\/t\/index.php?rest_route=%2Fwp%2Fv2%2Fcomments&post=22826"}],"version-history":[{"count":1,"href":"https:\/\/wgphoto.pl\/t\/index.php?rest_route=\/wp\/v2\/posts\/22826\/revisions"}],"predecessor-version":[{"id":22828,"href":"https:\/\/wgphoto.pl\/t\/index.php?rest_route=\/wp\/v2\/posts\/22826\/revisions\/22828"}],"wp:featuredmedia":[{"embeddable":true,"href":"https:\/\/wgphoto.pl\/t\/index.php?rest_route=\/wp\/v2\/media\/22827"}],"wp:attachment":[{"href":"https:\/\/wgphoto.pl\/t\/index.php?rest_route=%2Fwp%2Fv2%2Fmedia&parent=22826"}],"wp:term":[{"taxonomy":"category","embeddable":true,"href":"https:\/\/wgphoto.pl\/t\/index.php?rest_route=%2Fwp%2Fv2%2Fcategories&post=22826"},{"taxonomy":"post_tag","embeddable":true,"href":"https:\/\/wgphoto.pl\/t\/index.php?rest_route=%2Fwp%2Fv2%2Ftags&post=22826"}],"curies":[{"name":"wp","href":"https:\/\/api.w.org\/{rel}","templated":true}]}}