{"id":2285,"date":"2024-10-11T19:46:32","date_gmt":"2024-10-11T17:46:32","guid":{"rendered":"https:\/\/wgphoto.pl\/t\/?p=2285"},"modified":"2024-10-11T19:46:32","modified_gmt":"2024-10-11T17:46:32","slug":"santo-ildefonso","status":"publish","type":"post","link":"https:\/\/wgphoto.pl\/t\/?p=2285","title":{"rendered":"Santo Ildefonso"},"content":{"rendered":"\n<figure class=\"wp-block-image aligncenter size-full\"><img loading=\"lazy\" decoding=\"async\" width=\"700\" height=\"1046\" src=\"https:\/\/wgphoto.pl\/t\/wp-content\/uploads\/2024\/10\/IMGP7019.jpg\" alt=\"\" class=\"wp-image-2286\" srcset=\"https:\/\/wgphoto.pl\/t\/wp-content\/uploads\/2024\/10\/IMGP7019.jpg 700w, https:\/\/wgphoto.pl\/t\/wp-content\/uploads\/2024\/10\/IMGP7019-201x300.jpg 201w\" sizes=\"auto, (max-width: 700px) 100vw, 700px\" \/><\/figure>\n\n\n\n<div class=\"wp-block-group has-global-padding is-layout-constrained wp-block-group-is-layout-constrained\">\n<p>Porto, Rua 31 de Janeiro. Aby sfotografowa\u0107 tramwaj z pi\u0119knym ko\u015bcio\u0142em pw. \u015aw. Ildefonsa musia\u0142em zapolowa\u0107 na jeden z pierwszych porannych kurs\u00f3w. Portugalczycy zaczynaj\u0105 dzie\u0144 nieco p\u00f3\u017aniej ni\u017c my, wi\u0119c o godzinie \u00f3smej na ulicach by\u0142o jeszcze pusto. 04.09.2010<\/p>\n<\/div>\n","protected":false},"excerpt":{"rendered":"<p>Porto, Rua 31 de Janeiro. Aby sfotografowa\u0107 tramwaj z pi\u0119knym ko\u015bcio\u0142em pw. \u015aw. Ildefonsa musia\u0142em zapolowa\u0107 na jeden z pierwszych porannych kurs\u00f3w. Portugalczycy zaczynaj\u0105 dzie\u0144 nieco p\u00f3\u017aniej ni\u017c my, wi\u0119c o godzinie \u00f3smej na ulicach by\u0142o jeszcze pusto. 04.09.2010<\/p>\n","protected":false},"author":1,"featured_media":2286,"comment_status":"open","ping_status":"","sticky":false,"template":"","format":"standard","meta":{"footnotes":""},"categories":[128,86,3],"tags":[1199,34,1197,503,297,176,1196],"class_list":["post-2285","post","type-post","status-publish","format-standard","has-post-thumbnail","hentry","category-pionowe","category-rok-2010","category-tramwaj","tag-2010-09-04","tag-architektura","tag-brill-28","tag-porto","tag-portugalia","tag-rano","tag-stcp-porto"],"_links":{"self":[{"href":"https:\/\/wgphoto.pl\/t\/index.php?rest_route=\/wp\/v2\/posts\/2285","targetHints":{"allow":["GET"]}}],"collection":[{"href":"https:\/\/wgphoto.pl\/t\/index.php?rest_route=\/wp\/v2\/posts"}],"about":[{"href":"https:\/\/wgphoto.pl\/t\/index.php?rest_route=\/wp\/v2\/types\/post"}],"author":[{"embeddable":true,"href":"https:\/\/wgphoto.pl\/t\/index.php?rest_route=\/wp\/v2\/users\/1"}],"replies":[{"embeddable":true,"href":"https:\/\/wgphoto.pl\/t\/index.php?rest_route=%2Fwp%2Fv2%2Fcomments&post=2285"}],"version-history":[{"count":1,"href":"https:\/\/wgphoto.pl\/t\/index.php?rest_route=\/wp\/v2\/posts\/2285\/revisions"}],"predecessor-version":[{"id":2287,"href":"https:\/\/wgphoto.pl\/t\/index.php?rest_route=\/wp\/v2\/posts\/2285\/revisions\/2287"}],"wp:featuredmedia":[{"embeddable":true,"href":"https:\/\/wgphoto.pl\/t\/index.php?rest_route=\/wp\/v2\/media\/2286"}],"wp:attachment":[{"href":"https:\/\/wgphoto.pl\/t\/index.php?rest_route=%2Fwp%2Fv2%2Fmedia&parent=2285"}],"wp:term":[{"taxonomy":"category","embeddable":true,"href":"https:\/\/wgphoto.pl\/t\/index.php?rest_route=%2Fwp%2Fv2%2Fcategories&post=2285"},{"taxonomy":"post_tag","embeddable":true,"href":"https:\/\/wgphoto.pl\/t\/index.php?rest_route=%2Fwp%2Fv2%2Ftags&post=2285"}],"curies":[{"name":"wp","href":"https:\/\/api.w.org\/{rel}","templated":true}]}}