{"id":23055,"date":"2026-02-27T12:28:19","date_gmt":"2026-02-27T11:28:19","guid":{"rendered":"https:\/\/wgphoto.pl\/t\/?p=23055"},"modified":"2026-02-27T12:28:19","modified_gmt":"2026-02-27T11:28:19","slug":"sachsen-lotto","status":"publish","type":"post","link":"https:\/\/wgphoto.pl\/t\/?p=23055","title":{"rendered":"Sachsen Lotto"},"content":{"rendered":"\n<figure class=\"wp-block-image aligncenter size-full\"><img loading=\"lazy\" decoding=\"async\" width=\"1499\" height=\"993\" src=\"https:\/\/wgphoto.pl\/t\/wp-content\/uploads\/2026\/02\/2002d-22_rsn.jpg\" alt=\"\" class=\"wp-image-23056\" srcset=\"https:\/\/wgphoto.pl\/t\/wp-content\/uploads\/2026\/02\/2002d-22_rsn.jpg 1499w, https:\/\/wgphoto.pl\/t\/wp-content\/uploads\/2026\/02\/2002d-22_rsn-300x199.jpg 300w, https:\/\/wgphoto.pl\/t\/wp-content\/uploads\/2026\/02\/2002d-22_rsn-768x509.jpg 768w\" sizes=\"auto, (max-width: 1499px) 100vw, 1499px\" \/><\/figure>\n\n\n\n<div class=\"wp-block-group has-global-padding is-layout-constrained wp-block-group-is-layout-constrained\">\n<p>G\u00f6rlitz, Promenadenstra\u00dfe. Tatra KT4DC 15 w tytu\u0142owej reklamie odjecha\u0142a przed chwil\u0105 spod wzg\u00f3rza Landeskrone. Po tagach mo\u017cna tu znale\u017a\u0107 jednakowe uj\u0119cie w cyfrowej jako\u015bci. 02.03.2002<\/p>\n<\/div>\n","protected":false},"excerpt":{"rendered":"<p>G\u00f6rlitz, Promenadenstra\u00dfe. Tatra KT4DC 15 w tytu\u0142owej reklamie odjecha\u0142a przed chwil\u0105 spod wzg\u00f3rza Landeskrone. Po tagach mo\u017cna tu znale\u017a\u0107 jednakowe uj\u0119cie w cyfrowej jako\u015bci. 02.03.2002<\/p>\n","protected":false},"author":1,"featured_media":23056,"comment_status":"open","ping_status":"","sticky":false,"template":"","format":"standard","meta":{"footnotes":""},"categories":[62,577,3],"tags":[1771,31,23,1767,33,129],"class_list":["post-23055","post","type-post","status-publish","format-standard","has-post-thumbnail","hentry","category-analog","category-rok-2002","category-tramwaj","tag-2002-03-02","tag-gorlitz","tag-niemcy","tag-porownania","tag-tatra-kt4","tag-vgg-gorlitz"],"_links":{"self":[{"href":"https:\/\/wgphoto.pl\/t\/index.php?rest_route=\/wp\/v2\/posts\/23055","targetHints":{"allow":["GET"]}}],"collection":[{"href":"https:\/\/wgphoto.pl\/t\/index.php?rest_route=\/wp\/v2\/posts"}],"about":[{"href":"https:\/\/wgphoto.pl\/t\/index.php?rest_route=\/wp\/v2\/types\/post"}],"author":[{"embeddable":true,"href":"https:\/\/wgphoto.pl\/t\/index.php?rest_route=\/wp\/v2\/users\/1"}],"replies":[{"embeddable":true,"href":"https:\/\/wgphoto.pl\/t\/index.php?rest_route=%2Fwp%2Fv2%2Fcomments&post=23055"}],"version-history":[{"count":1,"href":"https:\/\/wgphoto.pl\/t\/index.php?rest_route=\/wp\/v2\/posts\/23055\/revisions"}],"predecessor-version":[{"id":23057,"href":"https:\/\/wgphoto.pl\/t\/index.php?rest_route=\/wp\/v2\/posts\/23055\/revisions\/23057"}],"wp:featuredmedia":[{"embeddable":true,"href":"https:\/\/wgphoto.pl\/t\/index.php?rest_route=\/wp\/v2\/media\/23056"}],"wp:attachment":[{"href":"https:\/\/wgphoto.pl\/t\/index.php?rest_route=%2Fwp%2Fv2%2Fmedia&parent=23055"}],"wp:term":[{"taxonomy":"category","embeddable":true,"href":"https:\/\/wgphoto.pl\/t\/index.php?rest_route=%2Fwp%2Fv2%2Fcategories&post=23055"},{"taxonomy":"post_tag","embeddable":true,"href":"https:\/\/wgphoto.pl\/t\/index.php?rest_route=%2Fwp%2Fv2%2Ftags&post=23055"}],"curies":[{"name":"wp","href":"https:\/\/api.w.org\/{rel}","templated":true}]}}