{"id":23058,"date":"2026-02-27T12:29:06","date_gmt":"2026-02-27T11:29:06","guid":{"rendered":"https:\/\/wgphoto.pl\/t\/?p=23058"},"modified":"2026-02-27T12:29:06","modified_gmt":"2026-02-27T11:29:06","slug":"wezel-przesiadkowy-3","status":"publish","type":"post","link":"https:\/\/wgphoto.pl\/t\/?p=23058","title":{"rendered":"W\u0119ze\u0142 przesiadkowy"},"content":{"rendered":"\n<figure class=\"wp-block-image aligncenter size-full\"><img loading=\"lazy\" decoding=\"async\" width=\"900\" height=\"1200\" src=\"https:\/\/wgphoto.pl\/t\/wp-content\/uploads\/2026\/02\/2002d-05_rsn.jpg\" alt=\"\" class=\"wp-image-23059\" srcset=\"https:\/\/wgphoto.pl\/t\/wp-content\/uploads\/2026\/02\/2002d-05_rsn.jpg 900w, https:\/\/wgphoto.pl\/t\/wp-content\/uploads\/2026\/02\/2002d-05_rsn-225x300.jpg 225w, https:\/\/wgphoto.pl\/t\/wp-content\/uploads\/2026\/02\/2002d-05_rsn-768x1024.jpg 768w\" sizes=\"auto, (max-width: 900px) 100vw, 900px\" \/><\/figure>\n\n\n\n<div class=\"wp-block-group has-global-padding is-layout-constrained wp-block-group-is-layout-constrained\">\n<p>G\u00f6rlitz, An der Jakobuskirche, KT4DC 307. W\u0119ze\u0142 przesiadkowy przy po\u0142udniowym wyj\u015bciu z dworca do dzi\u015b si\u0119 nie zmieni\u0142. 02.03.2002<\/p>\n<\/div>\n","protected":false},"excerpt":{"rendered":"<p>G\u00f6rlitz, An der Jakobuskirche, KT4DC 307. W\u0119ze\u0142 przesiadkowy przy po\u0142udniowym wyj\u015bciu z dworca do dzi\u015b si\u0119 nie zmieni\u0142. 02.03.2002<\/p>\n","protected":false},"author":1,"featured_media":23059,"comment_status":"open","ping_status":"","sticky":false,"template":"","format":"standard","meta":{"footnotes":""},"categories":[62,128,577,3],"tags":[1771,898,31,23,33,129],"class_list":["post-23058","post","type-post","status-publish","format-standard","has-post-thumbnail","hentry","category-analog","category-pionowe","category-rok-2002","category-tramwaj","tag-2002-03-02","tag-autobus","tag-gorlitz","tag-niemcy","tag-tatra-kt4","tag-vgg-gorlitz"],"_links":{"self":[{"href":"https:\/\/wgphoto.pl\/t\/index.php?rest_route=\/wp\/v2\/posts\/23058","targetHints":{"allow":["GET"]}}],"collection":[{"href":"https:\/\/wgphoto.pl\/t\/index.php?rest_route=\/wp\/v2\/posts"}],"about":[{"href":"https:\/\/wgphoto.pl\/t\/index.php?rest_route=\/wp\/v2\/types\/post"}],"author":[{"embeddable":true,"href":"https:\/\/wgphoto.pl\/t\/index.php?rest_route=\/wp\/v2\/users\/1"}],"replies":[{"embeddable":true,"href":"https:\/\/wgphoto.pl\/t\/index.php?rest_route=%2Fwp%2Fv2%2Fcomments&post=23058"}],"version-history":[{"count":1,"href":"https:\/\/wgphoto.pl\/t\/index.php?rest_route=\/wp\/v2\/posts\/23058\/revisions"}],"predecessor-version":[{"id":23060,"href":"https:\/\/wgphoto.pl\/t\/index.php?rest_route=\/wp\/v2\/posts\/23058\/revisions\/23060"}],"wp:featuredmedia":[{"embeddable":true,"href":"https:\/\/wgphoto.pl\/t\/index.php?rest_route=\/wp\/v2\/media\/23059"}],"wp:attachment":[{"href":"https:\/\/wgphoto.pl\/t\/index.php?rest_route=%2Fwp%2Fv2%2Fmedia&parent=23058"}],"wp:term":[{"taxonomy":"category","embeddable":true,"href":"https:\/\/wgphoto.pl\/t\/index.php?rest_route=%2Fwp%2Fv2%2Fcategories&post=23058"},{"taxonomy":"post_tag","embeddable":true,"href":"https:\/\/wgphoto.pl\/t\/index.php?rest_route=%2Fwp%2Fv2%2Ftags&post=23058"}],"curies":[{"name":"wp","href":"https:\/\/api.w.org\/{rel}","templated":true}]}}