{"id":23061,"date":"2026-02-27T12:29:54","date_gmt":"2026-02-27T11:29:54","guid":{"rendered":"https:\/\/wgphoto.pl\/t\/?p=23061"},"modified":"2026-02-27T12:29:54","modified_gmt":"2026-02-27T11:29:54","slug":"jeszcze-chodnik-sie-nie-zabrudzil","status":"publish","type":"post","link":"https:\/\/wgphoto.pl\/t\/?p=23061","title":{"rendered":"Jeszcze chodnik si\u0119 nie zabrudzi\u0142"},"content":{"rendered":"\n<figure class=\"wp-block-image aligncenter size-full\"><img loading=\"lazy\" decoding=\"async\" width=\"1500\" height=\"966\" src=\"https:\/\/wgphoto.pl\/t\/wp-content\/uploads\/2026\/02\/2002d-35_rsn.jpg\" alt=\"\" class=\"wp-image-23062\" srcset=\"https:\/\/wgphoto.pl\/t\/wp-content\/uploads\/2026\/02\/2002d-35_rsn.jpg 1500w, https:\/\/wgphoto.pl\/t\/wp-content\/uploads\/2026\/02\/2002d-35_rsn-300x193.jpg 300w, https:\/\/wgphoto.pl\/t\/wp-content\/uploads\/2026\/02\/2002d-35_rsn-768x495.jpg 768w\" sizes=\"auto, (max-width: 1500px) 100vw, 1500px\" \/><\/figure>\n\n\n\n<div class=\"wp-block-group has-global-padding is-layout-constrained wp-block-group-is-layout-constrained\">\n<p>KT4DC 313 na pocz\u0105tkowym przystanku K\u00f6nigshufen, Am Marktkauf. Ten kr\u00f3tki odcinek od Alexander-Bolze-Hof otwarto do ruchu 2 miesi\u0105ce wcze\u015bniej. G\u00f6rlitz, 02.03.2002<\/p>\n<\/div>\n","protected":false},"excerpt":{"rendered":"<p>KT4DC 313 na pocz\u0105tkowym przystanku K\u00f6nigshufen, Am Marktkauf. Ten kr\u00f3tki odcinek od Alexander-Bolze-Hof otwarto do ruchu 2 miesi\u0105ce wcze\u015bniej. G\u00f6rlitz, 02.03.2002<\/p>\n","protected":false},"author":1,"featured_media":23062,"comment_status":"open","ping_status":"","sticky":false,"template":"","format":"standard","meta":{"footnotes":""},"categories":[62,577,3],"tags":[1771,31,23,219,33,129],"class_list":["post-23061","post","type-post","status-publish","format-standard","has-post-thumbnail","hentry","category-analog","category-rok-2002","category-tramwaj","tag-2002-03-02","tag-gorlitz","tag-niemcy","tag-przystanek","tag-tatra-kt4","tag-vgg-gorlitz"],"_links":{"self":[{"href":"https:\/\/wgphoto.pl\/t\/index.php?rest_route=\/wp\/v2\/posts\/23061","targetHints":{"allow":["GET"]}}],"collection":[{"href":"https:\/\/wgphoto.pl\/t\/index.php?rest_route=\/wp\/v2\/posts"}],"about":[{"href":"https:\/\/wgphoto.pl\/t\/index.php?rest_route=\/wp\/v2\/types\/post"}],"author":[{"embeddable":true,"href":"https:\/\/wgphoto.pl\/t\/index.php?rest_route=\/wp\/v2\/users\/1"}],"replies":[{"embeddable":true,"href":"https:\/\/wgphoto.pl\/t\/index.php?rest_route=%2Fwp%2Fv2%2Fcomments&post=23061"}],"version-history":[{"count":1,"href":"https:\/\/wgphoto.pl\/t\/index.php?rest_route=\/wp\/v2\/posts\/23061\/revisions"}],"predecessor-version":[{"id":23063,"href":"https:\/\/wgphoto.pl\/t\/index.php?rest_route=\/wp\/v2\/posts\/23061\/revisions\/23063"}],"wp:featuredmedia":[{"embeddable":true,"href":"https:\/\/wgphoto.pl\/t\/index.php?rest_route=\/wp\/v2\/media\/23062"}],"wp:attachment":[{"href":"https:\/\/wgphoto.pl\/t\/index.php?rest_route=%2Fwp%2Fv2%2Fmedia&parent=23061"}],"wp:term":[{"taxonomy":"category","embeddable":true,"href":"https:\/\/wgphoto.pl\/t\/index.php?rest_route=%2Fwp%2Fv2%2Fcategories&post=23061"},{"taxonomy":"post_tag","embeddable":true,"href":"https:\/\/wgphoto.pl\/t\/index.php?rest_route=%2Fwp%2Fv2%2Ftags&post=23061"}],"curies":[{"name":"wp","href":"https:\/\/api.w.org\/{rel}","templated":true}]}}