{"id":23077,"date":"2026-02-27T13:09:30","date_gmt":"2026-02-27T12:09:30","guid":{"rendered":"https:\/\/wgphoto.pl\/t\/?p=23077"},"modified":"2026-02-27T13:09:30","modified_gmt":"2026-02-27T12:09:30","slug":"u-boot","status":"publish","type":"post","link":"https:\/\/wgphoto.pl\/t\/?p=23077","title":{"rendered":"U-boot"},"content":{"rendered":"\n<figure class=\"wp-block-image aligncenter size-full\"><img loading=\"lazy\" decoding=\"async\" width=\"1499\" height=\"973\" src=\"https:\/\/wgphoto.pl\/t\/wp-content\/uploads\/2026\/02\/2002d-17_rsn.jpg\" alt=\"\" class=\"wp-image-23078\" srcset=\"https:\/\/wgphoto.pl\/t\/wp-content\/uploads\/2026\/02\/2002d-17_rsn.jpg 1499w, https:\/\/wgphoto.pl\/t\/wp-content\/uploads\/2026\/02\/2002d-17_rsn-300x195.jpg 300w, https:\/\/wgphoto.pl\/t\/wp-content\/uploads\/2026\/02\/2002d-17_rsn-768x499.jpg 768w\" sizes=\"auto, (max-width: 1499px) 100vw, 1499px\" \/><\/figure>\n\n\n\n<div class=\"wp-block-group has-global-padding is-layout-constrained wp-block-group-is-layout-constrained\">\n<p>219.045 z poci\u0105giem do Gro\u00dfsch\u00f6nau (to mi\u0119dzy \u017bytaw\u0105 a Varnsdorfem) stoi przy nieczynnym od dawna peronie zlokalizowanym poza hal\u0105, kt\u00f3ry ma zosta\u0107 odbudowany na potrzeby elektryfikacji ze Zgorzelca. G\u00f6rlitz, 02.03.2002<\/p>\n<\/div>\n","protected":false},"excerpt":{"rendered":"<p>219.045 z poci\u0105giem do Gro\u00dfsch\u00f6nau (to mi\u0119dzy \u017bytaw\u0105 a Varnsdorfem) stoi przy nieczynnym od dawna peronie zlokalizowanym poza hal\u0105, kt\u00f3ry ma zosta\u0107 odbudowany na potrzeby elektryfikacji ze Zgorzelca. G\u00f6rlitz, 02.03.2002<\/p>\n","protected":false},"author":1,"featured_media":23078,"comment_status":"open","ping_status":"","sticky":false,"template":"","format":"standard","meta":{"footnotes":""},"categories":[62,2,577],"tags":[1771,4685,206,31,173,23],"class_list":["post-23077","post","type-post","status-publish","format-standard","has-post-thumbnail","hentry","category-analog","category-kolej","category-rok-2002","tag-2002-03-02","tag-4685","tag-db","tag-gorlitz","tag-koncowki","tag-niemcy"],"_links":{"self":[{"href":"https:\/\/wgphoto.pl\/t\/index.php?rest_route=\/wp\/v2\/posts\/23077","targetHints":{"allow":["GET"]}}],"collection":[{"href":"https:\/\/wgphoto.pl\/t\/index.php?rest_route=\/wp\/v2\/posts"}],"about":[{"href":"https:\/\/wgphoto.pl\/t\/index.php?rest_route=\/wp\/v2\/types\/post"}],"author":[{"embeddable":true,"href":"https:\/\/wgphoto.pl\/t\/index.php?rest_route=\/wp\/v2\/users\/1"}],"replies":[{"embeddable":true,"href":"https:\/\/wgphoto.pl\/t\/index.php?rest_route=%2Fwp%2Fv2%2Fcomments&post=23077"}],"version-history":[{"count":1,"href":"https:\/\/wgphoto.pl\/t\/index.php?rest_route=\/wp\/v2\/posts\/23077\/revisions"}],"predecessor-version":[{"id":23079,"href":"https:\/\/wgphoto.pl\/t\/index.php?rest_route=\/wp\/v2\/posts\/23077\/revisions\/23079"}],"wp:featuredmedia":[{"embeddable":true,"href":"https:\/\/wgphoto.pl\/t\/index.php?rest_route=\/wp\/v2\/media\/23078"}],"wp:attachment":[{"href":"https:\/\/wgphoto.pl\/t\/index.php?rest_route=%2Fwp%2Fv2%2Fmedia&parent=23077"}],"wp:term":[{"taxonomy":"category","embeddable":true,"href":"https:\/\/wgphoto.pl\/t\/index.php?rest_route=%2Fwp%2Fv2%2Fcategories&post=23077"},{"taxonomy":"post_tag","embeddable":true,"href":"https:\/\/wgphoto.pl\/t\/index.php?rest_route=%2Fwp%2Fv2%2Ftags&post=23077"}],"curies":[{"name":"wp","href":"https:\/\/api.w.org\/{rel}","templated":true}]}}