{"id":23080,"date":"2026-02-27T13:10:22","date_gmt":"2026-02-27T12:10:22","guid":{"rendered":"https:\/\/wgphoto.pl\/t\/?p=23080"},"modified":"2026-02-27T13:10:22","modified_gmt":"2026-02-27T12:10:22","slug":"jakosci-powietrza-lepiej-nie-badac","status":"publish","type":"post","link":"https:\/\/wgphoto.pl\/t\/?p=23080","title":{"rendered":"Jako\u015bci powietrza lepiej nie bada\u0107"},"content":{"rendered":"\n<figure class=\"wp-block-image aligncenter size-full\"><img loading=\"lazy\" decoding=\"async\" width=\"1500\" height=\"960\" src=\"https:\/\/wgphoto.pl\/t\/wp-content\/uploads\/2026\/02\/2002d-20_rsn.jpg\" alt=\"\" class=\"wp-image-23081\" srcset=\"https:\/\/wgphoto.pl\/t\/wp-content\/uploads\/2026\/02\/2002d-20_rsn.jpg 1500w, https:\/\/wgphoto.pl\/t\/wp-content\/uploads\/2026\/02\/2002d-20_rsn-300x192.jpg 300w, https:\/\/wgphoto.pl\/t\/wp-content\/uploads\/2026\/02\/2002d-20_rsn-768x492.jpg 768w\" sizes=\"auto, (max-width: 1500px) 100vw, 1500px\" \/><\/figure>\n\n\n\n<div class=\"wp-block-group has-global-padding is-layout-constrained wp-block-group-is-layout-constrained\">\n<p>234.346 z poci\u0105giem RB 17665 do Drezna Hbf. Z lewej stoi 234.242, obie lokomotywy nie\u017ale nakopci\u0142y spalinami pod hal\u0105. G\u00f6rlitz, 02.03.2002<\/p>\n<\/div>\n","protected":false},"excerpt":{"rendered":"<p>234.346 z poci\u0105giem RB 17665 do Drezna Hbf. Z lewej stoi 234.242, obie lokomotywy nie\u017ale nakopci\u0142y spalinami pod hal\u0105. G\u00f6rlitz, 02.03.2002<\/p>\n","protected":false},"author":1,"featured_media":23081,"comment_status":"open","ping_status":"","sticky":false,"template":"","format":"standard","meta":{"footnotes":""},"categories":[62,2,577],"tags":[1771,1323,206,31,179,173,23],"class_list":["post-23080","post","type-post","status-publish","format-standard","has-post-thumbnail","hentry","category-analog","category-kolej","category-rok-2002","tag-2002-03-02","tag-1323","tag-db","tag-gorlitz","tag-hala-peronowa","tag-koncowki","tag-niemcy"],"_links":{"self":[{"href":"https:\/\/wgphoto.pl\/t\/index.php?rest_route=\/wp\/v2\/posts\/23080","targetHints":{"allow":["GET"]}}],"collection":[{"href":"https:\/\/wgphoto.pl\/t\/index.php?rest_route=\/wp\/v2\/posts"}],"about":[{"href":"https:\/\/wgphoto.pl\/t\/index.php?rest_route=\/wp\/v2\/types\/post"}],"author":[{"embeddable":true,"href":"https:\/\/wgphoto.pl\/t\/index.php?rest_route=\/wp\/v2\/users\/1"}],"replies":[{"embeddable":true,"href":"https:\/\/wgphoto.pl\/t\/index.php?rest_route=%2Fwp%2Fv2%2Fcomments&post=23080"}],"version-history":[{"count":1,"href":"https:\/\/wgphoto.pl\/t\/index.php?rest_route=\/wp\/v2\/posts\/23080\/revisions"}],"predecessor-version":[{"id":23082,"href":"https:\/\/wgphoto.pl\/t\/index.php?rest_route=\/wp\/v2\/posts\/23080\/revisions\/23082"}],"wp:featuredmedia":[{"embeddable":true,"href":"https:\/\/wgphoto.pl\/t\/index.php?rest_route=\/wp\/v2\/media\/23081"}],"wp:attachment":[{"href":"https:\/\/wgphoto.pl\/t\/index.php?rest_route=%2Fwp%2Fv2%2Fmedia&parent=23080"}],"wp:term":[{"taxonomy":"category","embeddable":true,"href":"https:\/\/wgphoto.pl\/t\/index.php?rest_route=%2Fwp%2Fv2%2Fcategories&post=23080"},{"taxonomy":"post_tag","embeddable":true,"href":"https:\/\/wgphoto.pl\/t\/index.php?rest_route=%2Fwp%2Fv2%2Ftags&post=23080"}],"curies":[{"name":"wp","href":"https:\/\/api.w.org\/{rel}","templated":true}]}}