{"id":23083,"date":"2026-02-27T13:11:14","date_gmt":"2026-02-27T12:11:14","guid":{"rendered":"https:\/\/wgphoto.pl\/t\/?p=23083"},"modified":"2026-02-27T13:11:14","modified_gmt":"2026-02-27T12:11:14","slug":"ferkeltaxe","status":"publish","type":"post","link":"https:\/\/wgphoto.pl\/t\/?p=23083","title":{"rendered":"Ferkeltaxe"},"content":{"rendered":"\n<figure class=\"wp-block-image aligncenter size-full\"><img loading=\"lazy\" decoding=\"async\" width=\"1500\" height=\"948\" src=\"https:\/\/wgphoto.pl\/t\/wp-content\/uploads\/2026\/02\/2002d-32_rsn.jpg\" alt=\"\" class=\"wp-image-23084\" srcset=\"https:\/\/wgphoto.pl\/t\/wp-content\/uploads\/2026\/02\/2002d-32_rsn.jpg 1500w, https:\/\/wgphoto.pl\/t\/wp-content\/uploads\/2026\/02\/2002d-32_rsn-300x190.jpg 300w, https:\/\/wgphoto.pl\/t\/wp-content\/uploads\/2026\/02\/2002d-32_rsn-768x485.jpg 768w\" sizes=\"auto, (max-width: 1500px) 100vw, 1500px\" \/><\/figure>\n\n\n\n<div class=\"wp-block-group has-global-padding is-layout-constrained wp-block-group-is-layout-constrained\">\n<p>972.516 w sk\u0142adzie z 772.405 (albo na odwr\u00f3t, gdy\u017c ten drugi jest wagonem nap\u0119dowym) jako poci\u0105g RB 17753 do Zittau. Z dzisiejszego punktu widzenia takie pojazdy w tym miejscu wygl\u0105daj\u0105 zupe\u0142nie egzotycznie. G\u00f6rlitz, 02.03.2002<\/p>\n<\/div>\n","protected":false},"excerpt":{"rendered":"<p>972.516 w sk\u0142adzie z 772.405 (albo na odwr\u00f3t, gdy\u017c ten drugi jest wagonem nap\u0119dowym) jako poci\u0105g RB 17753 do Zittau. Z dzisiejszego punktu widzenia takie pojazdy w tym miejscu wygl\u0105daj\u0105 zupe\u0142nie egzotycznie. G\u00f6rlitz, 02.03.2002<\/p>\n","protected":false},"author":1,"featured_media":23084,"comment_status":"open","ping_status":"","sticky":false,"template":"","format":"standard","meta":{"footnotes":""},"categories":[62,2,577],"tags":[1771,206,4684,31,173,23],"class_list":["post-23083","post","type-post","status-publish","format-standard","has-post-thumbnail","hentry","category-analog","category-kolej","category-rok-2002","tag-2002-03-02","tag-db","tag-ferkeltaxe","tag-gorlitz","tag-koncowki","tag-niemcy"],"_links":{"self":[{"href":"https:\/\/wgphoto.pl\/t\/index.php?rest_route=\/wp\/v2\/posts\/23083","targetHints":{"allow":["GET"]}}],"collection":[{"href":"https:\/\/wgphoto.pl\/t\/index.php?rest_route=\/wp\/v2\/posts"}],"about":[{"href":"https:\/\/wgphoto.pl\/t\/index.php?rest_route=\/wp\/v2\/types\/post"}],"author":[{"embeddable":true,"href":"https:\/\/wgphoto.pl\/t\/index.php?rest_route=\/wp\/v2\/users\/1"}],"replies":[{"embeddable":true,"href":"https:\/\/wgphoto.pl\/t\/index.php?rest_route=%2Fwp%2Fv2%2Fcomments&post=23083"}],"version-history":[{"count":1,"href":"https:\/\/wgphoto.pl\/t\/index.php?rest_route=\/wp\/v2\/posts\/23083\/revisions"}],"predecessor-version":[{"id":23085,"href":"https:\/\/wgphoto.pl\/t\/index.php?rest_route=\/wp\/v2\/posts\/23083\/revisions\/23085"}],"wp:featuredmedia":[{"embeddable":true,"href":"https:\/\/wgphoto.pl\/t\/index.php?rest_route=\/wp\/v2\/media\/23084"}],"wp:attachment":[{"href":"https:\/\/wgphoto.pl\/t\/index.php?rest_route=%2Fwp%2Fv2%2Fmedia&parent=23083"}],"wp:term":[{"taxonomy":"category","embeddable":true,"href":"https:\/\/wgphoto.pl\/t\/index.php?rest_route=%2Fwp%2Fv2%2Fcategories&post=23083"},{"taxonomy":"post_tag","embeddable":true,"href":"https:\/\/wgphoto.pl\/t\/index.php?rest_route=%2Fwp%2Fv2%2Ftags&post=23083"}],"curies":[{"name":"wp","href":"https:\/\/api.w.org\/{rel}","templated":true}]}}