{"id":23086,"date":"2026-02-27T13:12:11","date_gmt":"2026-02-27T12:12:11","guid":{"rendered":"https:\/\/wgphoto.pl\/t\/?p=23086"},"modified":"2026-03-08T11:41:29","modified_gmt":"2026-03-08T10:41:29","slug":"rzadko-spotykane-barwy","status":"publish","type":"post","link":"https:\/\/wgphoto.pl\/t\/?p=23086","title":{"rendered":"Rzadko spotykane barwy"},"content":{"rendered":"\n<figure class=\"wp-block-image aligncenter size-full\"><img loading=\"lazy\" decoding=\"async\" width=\"1500\" height=\"980\" src=\"https:\/\/wgphoto.pl\/t\/wp-content\/uploads\/2026\/02\/2002d-24_rsn.jpg\" alt=\"\" class=\"wp-image-23087\" srcset=\"https:\/\/wgphoto.pl\/t\/wp-content\/uploads\/2026\/02\/2002d-24_rsn.jpg 1500w, https:\/\/wgphoto.pl\/t\/wp-content\/uploads\/2026\/02\/2002d-24_rsn-300x196.jpg 300w, https:\/\/wgphoto.pl\/t\/wp-content\/uploads\/2026\/02\/2002d-24_rsn-768x502.jpg 768w\" sizes=\"auto, (max-width: 1500px) 100vw, 1500px\" \/><\/figure>\n\n\n\n<div class=\"wp-block-group has-global-padding is-layout-constrained wp-block-group-is-layout-constrained\">\n<p>234.304 by\u0142a jedyn\u0105 Ludmi\u0142\u0105 w mi\u0119towych barwach Interregio. Ta wyj\u0105tkowa maszyna poprowadzi RB 17780 do Hoyerswerdy. G\u00f6rlitz, 02.03.2002<\/p>\n<\/div>\n","protected":false},"excerpt":{"rendered":"<p>234.304 by\u0142a jedyn\u0105 Ludmi\u0142\u0105 w mi\u0119towych barwach Interregio. Ta wyj\u0105tkowa maszyna poprowadzi RB 17780 do Hoyerswerdy. G\u00f6rlitz, 02.03.2002<\/p>\n","protected":false},"author":1,"featured_media":23087,"comment_status":"open","ping_status":"","sticky":false,"template":"","format":"standard","meta":{"footnotes":""},"categories":[62,2,577],"tags":[1771,1323,206,31,179,23],"class_list":["post-23086","post","type-post","status-publish","format-standard","has-post-thumbnail","hentry","category-analog","category-kolej","category-rok-2002","tag-2002-03-02","tag-1323","tag-db","tag-gorlitz","tag-hala-peronowa","tag-niemcy"],"_links":{"self":[{"href":"https:\/\/wgphoto.pl\/t\/index.php?rest_route=\/wp\/v2\/posts\/23086","targetHints":{"allow":["GET"]}}],"collection":[{"href":"https:\/\/wgphoto.pl\/t\/index.php?rest_route=\/wp\/v2\/posts"}],"about":[{"href":"https:\/\/wgphoto.pl\/t\/index.php?rest_route=\/wp\/v2\/types\/post"}],"author":[{"embeddable":true,"href":"https:\/\/wgphoto.pl\/t\/index.php?rest_route=\/wp\/v2\/users\/1"}],"replies":[{"embeddable":true,"href":"https:\/\/wgphoto.pl\/t\/index.php?rest_route=%2Fwp%2Fv2%2Fcomments&post=23086"}],"version-history":[{"count":2,"href":"https:\/\/wgphoto.pl\/t\/index.php?rest_route=\/wp\/v2\/posts\/23086\/revisions"}],"predecessor-version":[{"id":23172,"href":"https:\/\/wgphoto.pl\/t\/index.php?rest_route=\/wp\/v2\/posts\/23086\/revisions\/23172"}],"wp:featuredmedia":[{"embeddable":true,"href":"https:\/\/wgphoto.pl\/t\/index.php?rest_route=\/wp\/v2\/media\/23087"}],"wp:attachment":[{"href":"https:\/\/wgphoto.pl\/t\/index.php?rest_route=%2Fwp%2Fv2%2Fmedia&parent=23086"}],"wp:term":[{"taxonomy":"category","embeddable":true,"href":"https:\/\/wgphoto.pl\/t\/index.php?rest_route=%2Fwp%2Fv2%2Fcategories&post=23086"},{"taxonomy":"post_tag","embeddable":true,"href":"https:\/\/wgphoto.pl\/t\/index.php?rest_route=%2Fwp%2Fv2%2Ftags&post=23086"}],"curies":[{"name":"wp","href":"https:\/\/api.w.org\/{rel}","templated":true}]}}