{"id":23089,"date":"2026-02-27T13:19:44","date_gmt":"2026-02-27T12:19:44","guid":{"rendered":"https:\/\/wgphoto.pl\/t\/?p=23089"},"modified":"2026-02-27T13:19:44","modified_gmt":"2026-02-27T12:19:44","slug":"rumunski-duet","status":"publish","type":"post","link":"https:\/\/wgphoto.pl\/t\/?p=23089","title":{"rendered":"Rumu\u0144ski duet"},"content":{"rendered":"\n<figure class=\"wp-block-image aligncenter size-full\"><img loading=\"lazy\" decoding=\"async\" width=\"1500\" height=\"994\" src=\"https:\/\/wgphoto.pl\/t\/wp-content\/uploads\/2026\/02\/IMGP2661.jpg\" alt=\"\" class=\"wp-image-23090\" srcset=\"https:\/\/wgphoto.pl\/t\/wp-content\/uploads\/2026\/02\/IMGP2661.jpg 1500w, https:\/\/wgphoto.pl\/t\/wp-content\/uploads\/2026\/02\/IMGP2661-300x199.jpg 300w, https:\/\/wgphoto.pl\/t\/wp-content\/uploads\/2026\/02\/IMGP2661-768x509.jpg 768w\" sizes=\"auto, (max-width: 1500px) 100vw, 1500px\" \/><\/figure>\n\n\n\n<div class=\"wp-block-group has-global-padding is-layout-constrained wp-block-group-is-layout-constrained\">\n<p>Rumu\u0144ski duet 60.1213+60.1228 z poci\u0105giem R4334 relacji Halmeu \u2013 Oradea odje\u017cd\u017ca ze stacji Satu Mare Sud. Zdj\u0119cie na wje\u017adzie, b\u0119d\u0105ce wersj\u0105 docelow\u0105, ju\u017c si\u0119 tu pojawi\u0142o, jednak czas postoju umo\u017cliwi\u0142 powstanie r\u00f3wnie\u017c tego knota &#8211; taki sk\u0142ad warto pokaza\u0107 w bardziej portretowym uj\u0119ciu. 25.06.2023<\/p>\n<\/div>\n","protected":false},"excerpt":{"rendered":"<p>Rumu\u0144ski duet 60.1213+60.1228 z poci\u0105giem R4334 relacji Halmeu \u2013 Oradea odje\u017cd\u017ca ze stacji Satu Mare Sud. Zdj\u0119cie na wje\u017adzie, b\u0119d\u0105ce wersj\u0105 docelow\u0105, ju\u017c si\u0119 tu pojawi\u0142o, jednak czas postoju umo\u017cliwi\u0142 powstanie r\u00f3wnie\u017c tego knota &#8211; taki sk\u0142ad warto pokaza\u0107 w bardziej portretowym uj\u0119ciu. 25.06.2023<\/p>\n","protected":false},"author":1,"featured_media":23090,"comment_status":"open","ping_status":"","sticky":false,"template":"","format":"standard","meta":{"footnotes":""},"categories":[2,6],"tags":[4156,4186,4154,958,176,574,4316],"class_list":["post-23089","post","type-post","status-publish","format-standard","has-post-thumbnail","hentry","category-kolej","category-2023r","tag-2023-06-25","tag-4186","tag-buna-romania-2023","tag-cfr","tag-rano","tag-rumunia","tag-satu-mare-sud"],"_links":{"self":[{"href":"https:\/\/wgphoto.pl\/t\/index.php?rest_route=\/wp\/v2\/posts\/23089","targetHints":{"allow":["GET"]}}],"collection":[{"href":"https:\/\/wgphoto.pl\/t\/index.php?rest_route=\/wp\/v2\/posts"}],"about":[{"href":"https:\/\/wgphoto.pl\/t\/index.php?rest_route=\/wp\/v2\/types\/post"}],"author":[{"embeddable":true,"href":"https:\/\/wgphoto.pl\/t\/index.php?rest_route=\/wp\/v2\/users\/1"}],"replies":[{"embeddable":true,"href":"https:\/\/wgphoto.pl\/t\/index.php?rest_route=%2Fwp%2Fv2%2Fcomments&post=23089"}],"version-history":[{"count":1,"href":"https:\/\/wgphoto.pl\/t\/index.php?rest_route=\/wp\/v2\/posts\/23089\/revisions"}],"predecessor-version":[{"id":23091,"href":"https:\/\/wgphoto.pl\/t\/index.php?rest_route=\/wp\/v2\/posts\/23089\/revisions\/23091"}],"wp:featuredmedia":[{"embeddable":true,"href":"https:\/\/wgphoto.pl\/t\/index.php?rest_route=\/wp\/v2\/media\/23090"}],"wp:attachment":[{"href":"https:\/\/wgphoto.pl\/t\/index.php?rest_route=%2Fwp%2Fv2%2Fmedia&parent=23089"}],"wp:term":[{"taxonomy":"category","embeddable":true,"href":"https:\/\/wgphoto.pl\/t\/index.php?rest_route=%2Fwp%2Fv2%2Fcategories&post=23089"},{"taxonomy":"post_tag","embeddable":true,"href":"https:\/\/wgphoto.pl\/t\/index.php?rest_route=%2Fwp%2Fv2%2Ftags&post=23089"}],"curies":[{"name":"wp","href":"https:\/\/api.w.org\/{rel}","templated":true}]}}