{"id":23092,"date":"2026-02-27T13:34:38","date_gmt":"2026-02-27T12:34:38","guid":{"rendered":"https:\/\/wgphoto.pl\/t\/?p=23092"},"modified":"2026-02-27T13:34:38","modified_gmt":"2026-02-27T12:34:38","slug":"niebieskie-wybrzeze","status":"publish","type":"post","link":"https:\/\/wgphoto.pl\/t\/?p=23092","title":{"rendered":"Niebieskie Wybrze\u017ce"},"content":{"rendered":"\n<figure class=\"wp-block-image aligncenter size-full\"><img loading=\"lazy\" decoding=\"async\" width=\"1500\" height=\"994\" src=\"https:\/\/wgphoto.pl\/t\/wp-content\/uploads\/2026\/02\/IMGP1476.jpg\" alt=\"\" class=\"wp-image-23093\" srcset=\"https:\/\/wgphoto.pl\/t\/wp-content\/uploads\/2026\/02\/IMGP1476.jpg 1500w, https:\/\/wgphoto.pl\/t\/wp-content\/uploads\/2026\/02\/IMGP1476-300x199.jpg 300w, https:\/\/wgphoto.pl\/t\/wp-content\/uploads\/2026\/02\/IMGP1476-768x509.jpg 768w\" sizes=\"auto, (max-width: 1500px) 100vw, 1500px\" \/><\/figure>\n\n\n\n<div class=\"wp-block-group has-global-padding is-layout-constrained wp-block-group-is-layout-constrained\">\n<p>Jednostka serii X72500 jako poci\u0105g TER relacji Marseille-St-Charles &#8211; Miramas jedzie wzd\u0142u\u017c Niebieskiego Wybrze\u017ca odcinkiem L&#8217;Estaque &#8211; Niolon. Pojazdy tej serii mo\u017cna spotka\u0107 tak\u017ce w Rumunii (jako u\u017cywane) &#8211; takie nawi\u0105zanie do poprzedniego zdj\u0119cia. \ud83d\ude42 Wiadukty, tunele i widok na morze towarzysz\u0105 poci\u0105gom na kilkunastokilometrowym odcinku. Szlak turystyczny jest natomiast bardziej wymagaj\u0105cy &#8211; raz jeste\u015b na wysoko\u015bci, z jakiej powsta\u0142o foto, a zaraz nad samym morzem. Niemniej taki trekking by\u0142 bardzo przyjemny. 19.02.2025<\/p>\n<\/div>\n","protected":false},"excerpt":{"rendered":"<p>Jednostka serii X72500 jako poci\u0105g TER relacji Marseille-St-Charles &#8211; Miramas jedzie wzd\u0142u\u017c Niebieskiego Wybrze\u017ca odcinkiem L&#8217;Estaque &#8211; Niolon. Pojazdy tej serii mo\u017cna spotka\u0107 tak\u017ce w Rumunii (jako u\u017cywane) &#8211; takie nawi\u0105zanie do poprzedniego zdj\u0119cia. \ud83d\ude42 Wiadukty, tunele i widok na morze towarzysz\u0105 poci\u0105gom na kilkunastokilometrowym odcinku. Szlak turystyczny jest natomiast bardziej wymagaj\u0105cy &#8211; raz jeste\u015b [&hellip;]<\/p>\n","protected":false},"author":1,"featured_media":23093,"comment_status":"open","ping_status":"","sticky":false,"template":"","format":"standard","meta":{"footnotes":""},"categories":[2,3208],"tags":[3209,3591,415,4687,113,116,3210,244,1764,4686],"class_list":["post-23092","post","type-post","status-publish","format-standard","has-post-thumbnail","hentry","category-kolej","category-rok-2025","tag-2025-02-19","tag-cote-bleue-2025","tag-francja","tag-lestaque-2","tag-landszaft","tag-morze","tag-niolon","tag-skaly","tag-sncf","tag-x72500"],"_links":{"self":[{"href":"https:\/\/wgphoto.pl\/t\/index.php?rest_route=\/wp\/v2\/posts\/23092","targetHints":{"allow":["GET"]}}],"collection":[{"href":"https:\/\/wgphoto.pl\/t\/index.php?rest_route=\/wp\/v2\/posts"}],"about":[{"href":"https:\/\/wgphoto.pl\/t\/index.php?rest_route=\/wp\/v2\/types\/post"}],"author":[{"embeddable":true,"href":"https:\/\/wgphoto.pl\/t\/index.php?rest_route=\/wp\/v2\/users\/1"}],"replies":[{"embeddable":true,"href":"https:\/\/wgphoto.pl\/t\/index.php?rest_route=%2Fwp%2Fv2%2Fcomments&post=23092"}],"version-history":[{"count":1,"href":"https:\/\/wgphoto.pl\/t\/index.php?rest_route=\/wp\/v2\/posts\/23092\/revisions"}],"predecessor-version":[{"id":23094,"href":"https:\/\/wgphoto.pl\/t\/index.php?rest_route=\/wp\/v2\/posts\/23092\/revisions\/23094"}],"wp:featuredmedia":[{"embeddable":true,"href":"https:\/\/wgphoto.pl\/t\/index.php?rest_route=\/wp\/v2\/media\/23093"}],"wp:attachment":[{"href":"https:\/\/wgphoto.pl\/t\/index.php?rest_route=%2Fwp%2Fv2%2Fmedia&parent=23092"}],"wp:term":[{"taxonomy":"category","embeddable":true,"href":"https:\/\/wgphoto.pl\/t\/index.php?rest_route=%2Fwp%2Fv2%2Fcategories&post=23092"},{"taxonomy":"post_tag","embeddable":true,"href":"https:\/\/wgphoto.pl\/t\/index.php?rest_route=%2Fwp%2Fv2%2Ftags&post=23092"}],"curies":[{"name":"wp","href":"https:\/\/api.w.org\/{rel}","templated":true}]}}