{"id":23102,"date":"2026-02-27T14:28:35","date_gmt":"2026-02-27T13:28:35","guid":{"rendered":"https:\/\/wgphoto.pl\/t\/?p=23102"},"modified":"2026-02-27T14:28:35","modified_gmt":"2026-02-27T13:28:35","slug":"etr700","status":"publish","type":"post","link":"https:\/\/wgphoto.pl\/t\/?p=23102","title":{"rendered":"ETR700"},"content":{"rendered":"\n<figure class=\"wp-block-image size-full\"><img loading=\"lazy\" decoding=\"async\" width=\"1400\" height=\"933\" src=\"http:\/\/wgphoto.pl\/t\/wp-content\/uploads\/2026\/02\/DSCF9987.jpg\" alt=\"\" class=\"wp-image-23101\" srcset=\"https:\/\/wgphoto.pl\/t\/wp-content\/uploads\/2026\/02\/DSCF9987.jpg 1400w, https:\/\/wgphoto.pl\/t\/wp-content\/uploads\/2026\/02\/DSCF9987-300x200.jpg 300w, https:\/\/wgphoto.pl\/t\/wp-content\/uploads\/2026\/02\/DSCF9987-768x512.jpg 768w\" sizes=\"auto, (max-width: 1400px) 100vw, 1400px\" \/><\/figure>\n\n\n\n<div class=\"wp-block-group has-global-padding is-layout-constrained wp-block-group-is-layout-constrained\">\n<p>Jednostka serii ETR700 jako poci\u0105g FR9721 relacji Bolzano-Bozen &#8211; Milano C.le przemierza dolin\u0119 Adygi na odcinku Avio \u2013 Borghetto sull&#8217;Adige. Zestawy ETR700 o pr\u0119dko\u015bci maksymalnej 250 km\/h zbudowano w latach 2004-2011 do obs\u0142ugi po\u0142\u0105cze\u0144 mi\u0119dzy Amsterdamem a Bruksel\u0105. Problemy techniczne z produktami w\u0142oskiej AnsaldoBredy sprawi\u0142y, \u017ce niderlandzki projekt zamkni\u0119to, a poci\u0105gi zwr\u00f3cono producentowi. W 2019 r. odkupi\u0142y je koleje w\u0142oskie. Obecnie kursuj\u0105 w siatce po\u0142\u0105cze\u0144 Frecciarossa, cho\u0107 odbiegaj\u0105 nieco parametrami (chocia\u017cby vmax) od flagowych poci\u0105g\u00f3w tej kategorii. 18.07.2025<\/p>\n<\/div>\n","protected":false},"excerpt":{"rendered":"<p>Jednostka serii ETR700 jako poci\u0105g FR9721 relacji Bolzano-Bozen &#8211; Milano C.le przemierza dolin\u0119 Adygi na odcinku Avio \u2013 Borghetto sull&#8217;Adige. Zestawy ETR700 o pr\u0119dko\u015bci maksymalnej 250 km\/h zbudowano w latach 2004-2011 do obs\u0142ugi po\u0142\u0105cze\u0144 mi\u0119dzy Amsterdamem a Bruksel\u0105. Problemy techniczne z produktami w\u0142oskiej AnsaldoBredy sprawi\u0142y, \u017ce niderlandzki projekt zamkni\u0119to, a poci\u0105gi zwr\u00f3cono producentowi. W 2019 [&hellip;]<\/p>\n","protected":false},"author":1,"featured_media":23101,"comment_status":"open","ping_status":"","sticky":false,"template":"","format":"standard","meta":{"footnotes":""},"categories":[2,3208],"tags":[4459,4457,4688,4461,4689,4523,112,114,4458,110],"class_list":["post-23102","post","type-post","status-publish","format-standard","has-post-thumbnail","hentry","category-kolej","category-rok-2025","tag-2025-07-18","tag-avio","tag-borghetto-sulladige-2","tag-brennerbahn","tag-etr700","tag-frecciarossa","tag-fs","tag-gory","tag-wakacje-2025","tag-wlochy"],"_links":{"self":[{"href":"https:\/\/wgphoto.pl\/t\/index.php?rest_route=\/wp\/v2\/posts\/23102","targetHints":{"allow":["GET"]}}],"collection":[{"href":"https:\/\/wgphoto.pl\/t\/index.php?rest_route=\/wp\/v2\/posts"}],"about":[{"href":"https:\/\/wgphoto.pl\/t\/index.php?rest_route=\/wp\/v2\/types\/post"}],"author":[{"embeddable":true,"href":"https:\/\/wgphoto.pl\/t\/index.php?rest_route=\/wp\/v2\/users\/1"}],"replies":[{"embeddable":true,"href":"https:\/\/wgphoto.pl\/t\/index.php?rest_route=%2Fwp%2Fv2%2Fcomments&post=23102"}],"version-history":[{"count":1,"href":"https:\/\/wgphoto.pl\/t\/index.php?rest_route=\/wp\/v2\/posts\/23102\/revisions"}],"predecessor-version":[{"id":23103,"href":"https:\/\/wgphoto.pl\/t\/index.php?rest_route=\/wp\/v2\/posts\/23102\/revisions\/23103"}],"wp:featuredmedia":[{"embeddable":true,"href":"https:\/\/wgphoto.pl\/t\/index.php?rest_route=\/wp\/v2\/media\/23101"}],"wp:attachment":[{"href":"https:\/\/wgphoto.pl\/t\/index.php?rest_route=%2Fwp%2Fv2%2Fmedia&parent=23102"}],"wp:term":[{"taxonomy":"category","embeddable":true,"href":"https:\/\/wgphoto.pl\/t\/index.php?rest_route=%2Fwp%2Fv2%2Fcategories&post=23102"},{"taxonomy":"post_tag","embeddable":true,"href":"https:\/\/wgphoto.pl\/t\/index.php?rest_route=%2Fwp%2Fv2%2Ftags&post=23102"}],"curies":[{"name":"wp","href":"https:\/\/api.w.org\/{rel}","templated":true}]}}