{"id":23104,"date":"2026-02-27T14:36:58","date_gmt":"2026-02-27T13:36:58","guid":{"rendered":"https:\/\/wgphoto.pl\/t\/?p=23104"},"modified":"2026-02-27T14:37:38","modified_gmt":"2026-02-27T13:37:38","slug":"porta-al-prato","status":"publish","type":"post","link":"https:\/\/wgphoto.pl\/t\/?p=23104","title":{"rendered":"Porta al Prato"},"content":{"rendered":"\n<figure class=\"wp-block-image aligncenter size-full\"><img loading=\"lazy\" decoding=\"async\" width=\"1399\" height=\"980\" src=\"http:\/\/wgphoto.pl\/t\/wp-content\/uploads\/2026\/02\/DSFN1571.jpg\" alt=\"\" class=\"wp-image-23100\" srcset=\"https:\/\/wgphoto.pl\/t\/wp-content\/uploads\/2026\/02\/DSFN1571.jpg 1399w, https:\/\/wgphoto.pl\/t\/wp-content\/uploads\/2026\/02\/DSFN1571-300x210.jpg 300w, https:\/\/wgphoto.pl\/t\/wp-content\/uploads\/2026\/02\/DSFN1571-768x538.jpg 768w\" sizes=\"auto, (max-width: 1399px) 100vw, 1399px\" \/><\/figure>\n\n\n\n<div class=\"wp-block-group has-global-padding is-layout-constrained wp-block-group-is-layout-constrained\">\n<p>Mijanka tramwaj\u00f3w Sirio nr 2019 i 2043 pod tytu\u0142ow\u0105 bram\u0105 miejsk\u0105, widoczn\u0105 w tle. Florencja, 03.10.2025<\/p>\n<\/div>\n","protected":false},"excerpt":{"rendered":"<p>Mijanka tramwaj\u00f3w Sirio nr 2019 i 2043 pod tytu\u0142ow\u0105 bram\u0105 miejsk\u0105, widoczn\u0105 w tle. Florencja, 03.10.2025<\/p>\n","protected":false},"author":1,"featured_media":23100,"comment_status":"open","ping_status":"","sticky":false,"template":"","format":"standard","meta":{"footnotes":""},"categories":[3208,3],"tags":[4560,4561,4690,389,831,4559,110],"class_list":["post-23104","post","type-post","status-publish","format-standard","has-post-thumbnail","hentry","category-rok-2025","category-tramwaj","tag-2025-10-03","tag-florencja","tag-gest-firenze","tag-mijanka","tag-sirio","tag-toskania-2025","tag-wlochy"],"_links":{"self":[{"href":"https:\/\/wgphoto.pl\/t\/index.php?rest_route=\/wp\/v2\/posts\/23104","targetHints":{"allow":["GET"]}}],"collection":[{"href":"https:\/\/wgphoto.pl\/t\/index.php?rest_route=\/wp\/v2\/posts"}],"about":[{"href":"https:\/\/wgphoto.pl\/t\/index.php?rest_route=\/wp\/v2\/types\/post"}],"author":[{"embeddable":true,"href":"https:\/\/wgphoto.pl\/t\/index.php?rest_route=\/wp\/v2\/users\/1"}],"replies":[{"embeddable":true,"href":"https:\/\/wgphoto.pl\/t\/index.php?rest_route=%2Fwp%2Fv2%2Fcomments&post=23104"}],"version-history":[{"count":1,"href":"https:\/\/wgphoto.pl\/t\/index.php?rest_route=\/wp\/v2\/posts\/23104\/revisions"}],"predecessor-version":[{"id":23105,"href":"https:\/\/wgphoto.pl\/t\/index.php?rest_route=\/wp\/v2\/posts\/23104\/revisions\/23105"}],"wp:featuredmedia":[{"embeddable":true,"href":"https:\/\/wgphoto.pl\/t\/index.php?rest_route=\/wp\/v2\/media\/23100"}],"wp:attachment":[{"href":"https:\/\/wgphoto.pl\/t\/index.php?rest_route=%2Fwp%2Fv2%2Fmedia&parent=23104"}],"wp:term":[{"taxonomy":"category","embeddable":true,"href":"https:\/\/wgphoto.pl\/t\/index.php?rest_route=%2Fwp%2Fv2%2Fcategories&post=23104"},{"taxonomy":"post_tag","embeddable":true,"href":"https:\/\/wgphoto.pl\/t\/index.php?rest_route=%2Fwp%2Fv2%2Ftags&post=23104"}],"curies":[{"name":"wp","href":"https:\/\/api.w.org\/{rel}","templated":true}]}}