{"id":23118,"date":"2026-03-01T00:56:41","date_gmt":"2026-02-28T23:56:41","guid":{"rendered":"https:\/\/wgphoto.pl\/t\/?p=23118"},"modified":"2026-03-01T00:56:41","modified_gmt":"2026-02-28T23:56:41","slug":"gt8z-244","status":"publish","type":"post","link":"https:\/\/wgphoto.pl\/t\/?p=23118","title":{"rendered":"GT8Z 244"},"content":{"rendered":"\n<figure class=\"wp-block-image aligncenter size-full\"><img loading=\"lazy\" decoding=\"async\" width=\"1500\" height=\"994\" src=\"https:\/\/wgphoto.pl\/t\/wp-content\/uploads\/2026\/03\/IMGP8775.jpg\" alt=\"\" class=\"wp-image-23119\" srcset=\"https:\/\/wgphoto.pl\/t\/wp-content\/uploads\/2026\/03\/IMGP8775.jpg 1500w, https:\/\/wgphoto.pl\/t\/wp-content\/uploads\/2026\/03\/IMGP8775-300x199.jpg 300w, https:\/\/wgphoto.pl\/t\/wp-content\/uploads\/2026\/03\/IMGP8775-768x509.jpg 768w\" sizes=\"auto, (max-width: 1500px) 100vw, 1500px\" \/><\/figure>\n\n\n\n<div class=\"wp-block-group has-global-padding is-layout-constrained wp-block-group-is-layout-constrained\">\n<p>Fryburg Bryzgowijski, Hans-Carl-Scherrer-Platz, GT8Z 244. Nad okolic\u0105 g\u00f3ruje ko\u015bci\u00f3\u0142 pw. \u015aw. Micha\u0142a. 28.03.2018<\/p>\n<\/div>\n","protected":false},"excerpt":{"rendered":"<p>Fryburg Bryzgowijski, Hans-Carl-Scherrer-Platz, GT8Z 244. Nad okolic\u0105 g\u00f3ruje ko\u015bci\u00f3\u0142 pw. \u015aw. Micha\u0142a. 28.03.2018<\/p>\n","protected":false},"author":1,"featured_media":23119,"comment_status":"open","ping_status":"","sticky":false,"template":"","format":"standard","meta":{"footnotes":""},"categories":[156,3],"tags":[1159,1157,2140,23,219,183,1158],"class_list":["post-23118","post","type-post","status-publish","format-standard","has-post-thumbnail","hentry","category-rok-2018","category-tramwaj","tag-2018-03-28","tag-fryburg-bryzgowijski","tag-gt8z","tag-niemcy","tag-przystanek","tag-suissetrip-2018","tag-vag-freiburg-im-breisgau"],"_links":{"self":[{"href":"https:\/\/wgphoto.pl\/t\/index.php?rest_route=\/wp\/v2\/posts\/23118","targetHints":{"allow":["GET"]}}],"collection":[{"href":"https:\/\/wgphoto.pl\/t\/index.php?rest_route=\/wp\/v2\/posts"}],"about":[{"href":"https:\/\/wgphoto.pl\/t\/index.php?rest_route=\/wp\/v2\/types\/post"}],"author":[{"embeddable":true,"href":"https:\/\/wgphoto.pl\/t\/index.php?rest_route=\/wp\/v2\/users\/1"}],"replies":[{"embeddable":true,"href":"https:\/\/wgphoto.pl\/t\/index.php?rest_route=%2Fwp%2Fv2%2Fcomments&post=23118"}],"version-history":[{"count":1,"href":"https:\/\/wgphoto.pl\/t\/index.php?rest_route=\/wp\/v2\/posts\/23118\/revisions"}],"predecessor-version":[{"id":23120,"href":"https:\/\/wgphoto.pl\/t\/index.php?rest_route=\/wp\/v2\/posts\/23118\/revisions\/23120"}],"wp:featuredmedia":[{"embeddable":true,"href":"https:\/\/wgphoto.pl\/t\/index.php?rest_route=\/wp\/v2\/media\/23119"}],"wp:attachment":[{"href":"https:\/\/wgphoto.pl\/t\/index.php?rest_route=%2Fwp%2Fv2%2Fmedia&parent=23118"}],"wp:term":[{"taxonomy":"category","embeddable":true,"href":"https:\/\/wgphoto.pl\/t\/index.php?rest_route=%2Fwp%2Fv2%2Fcategories&post=23118"},{"taxonomy":"post_tag","embeddable":true,"href":"https:\/\/wgphoto.pl\/t\/index.php?rest_route=%2Fwp%2Fv2%2Ftags&post=23118"}],"curies":[{"name":"wp","href":"https:\/\/api.w.org\/{rel}","templated":true}]}}