{"id":23127,"date":"2026-03-01T12:51:50","date_gmt":"2026-03-01T11:51:50","guid":{"rendered":"https:\/\/wgphoto.pl\/t\/?p=23127"},"modified":"2026-03-01T12:51:50","modified_gmt":"2026-03-01T11:51:50","slug":"en57-827","status":"publish","type":"post","link":"https:\/\/wgphoto.pl\/t\/?p=23127","title":{"rendered":"EN57-827"},"content":{"rendered":"\n<figure class=\"wp-block-image aligncenter size-full\"><img loading=\"lazy\" decoding=\"async\" width=\"1500\" height=\"993\" src=\"https:\/\/wgphoto.pl\/t\/wp-content\/uploads\/2026\/03\/0607-27_rsn.jpg\" alt=\"\" class=\"wp-image-23128\" srcset=\"https:\/\/wgphoto.pl\/t\/wp-content\/uploads\/2026\/03\/0607-27_rsn.jpg 1500w, https:\/\/wgphoto.pl\/t\/wp-content\/uploads\/2026\/03\/0607-27_rsn-300x199.jpg 300w, https:\/\/wgphoto.pl\/t\/wp-content\/uploads\/2026\/03\/0607-27_rsn-768x508.jpg 768w\" sizes=\"auto, (max-width: 1500px) 100vw, 1500px\" \/><\/figure>\n\n\n\n<div class=\"wp-block-group has-global-padding is-layout-constrained wp-block-group-is-layout-constrained\">\n<p>EN57-827 jako poci\u0105g osobowy 6438 z Wroc\u0142awia do K\u0119dzierzyna-Ko\u017ala odje\u017cd\u017ca z D\u0105browy Niemodli\u0144skiej. 20 lat p\u00f3\u017aniej poci\u0105gi osobowe s\u0105 w tym miejscu wci\u0105\u017c obs\u0142ugiwane pojazdami tej generacji, przez tyle lat nie wykorzystuj\u0105c w pe\u0142ni mo\u017cliwo\u015bci infrastruktury i tym samym wyd\u0142u\u017caj\u0105c czas codziennych dojazd\u00f3w dla tysi\u0119cy pasa\u017cer\u00f3w. 11.05.2006<\/p>\n<\/div>\n","protected":false},"excerpt":{"rendered":"<p>EN57-827 jako poci\u0105g osobowy 6438 z Wroc\u0142awia do K\u0119dzierzyna-Ko\u017ala odje\u017cd\u017ca z D\u0105browy Niemodli\u0144skiej. 20 lat p\u00f3\u017aniej poci\u0105gi osobowe s\u0105 w tym miejscu wci\u0105\u017c obs\u0142ugiwane pojazdami tej generacji, przez tyle lat nie wykorzystuj\u0105c w pe\u0142ni mo\u017cliwo\u015bci infrastruktury i tym samym wyd\u0142u\u017caj\u0105c czas codziennych dojazd\u00f3w dla tysi\u0119cy pasa\u017cer\u00f3w. 11.05.2006<\/p>\n","protected":false},"author":1,"featured_media":23128,"comment_status":"open","ping_status":"","sticky":false,"template":"","format":"standard","meta":{"footnotes":""},"categories":[62,2,130],"tags":[708,4695,132,63,27,1767,711],"class_list":["post-23127","post","type-post","status-publish","format-standard","has-post-thumbnail","hentry","category-analog","category-kolej","category-rok-2006","tag-2006-05-11","tag-dabrowa-niemodlinska","tag-en57","tag-pkp","tag-polska","tag-porownania","tag-tab-pl220"],"_links":{"self":[{"href":"https:\/\/wgphoto.pl\/t\/index.php?rest_route=\/wp\/v2\/posts\/23127","targetHints":{"allow":["GET"]}}],"collection":[{"href":"https:\/\/wgphoto.pl\/t\/index.php?rest_route=\/wp\/v2\/posts"}],"about":[{"href":"https:\/\/wgphoto.pl\/t\/index.php?rest_route=\/wp\/v2\/types\/post"}],"author":[{"embeddable":true,"href":"https:\/\/wgphoto.pl\/t\/index.php?rest_route=\/wp\/v2\/users\/1"}],"replies":[{"embeddable":true,"href":"https:\/\/wgphoto.pl\/t\/index.php?rest_route=%2Fwp%2Fv2%2Fcomments&post=23127"}],"version-history":[{"count":1,"href":"https:\/\/wgphoto.pl\/t\/index.php?rest_route=\/wp\/v2\/posts\/23127\/revisions"}],"predecessor-version":[{"id":23129,"href":"https:\/\/wgphoto.pl\/t\/index.php?rest_route=\/wp\/v2\/posts\/23127\/revisions\/23129"}],"wp:featuredmedia":[{"embeddable":true,"href":"https:\/\/wgphoto.pl\/t\/index.php?rest_route=\/wp\/v2\/media\/23128"}],"wp:attachment":[{"href":"https:\/\/wgphoto.pl\/t\/index.php?rest_route=%2Fwp%2Fv2%2Fmedia&parent=23127"}],"wp:term":[{"taxonomy":"category","embeddable":true,"href":"https:\/\/wgphoto.pl\/t\/index.php?rest_route=%2Fwp%2Fv2%2Fcategories&post=23127"},{"taxonomy":"post_tag","embeddable":true,"href":"https:\/\/wgphoto.pl\/t\/index.php?rest_route=%2Fwp%2Fv2%2Ftags&post=23127"}],"curies":[{"name":"wp","href":"https:\/\/api.w.org\/{rel}","templated":true}]}}