{"id":23130,"date":"2026-03-01T12:52:45","date_gmt":"2026-03-01T11:52:45","guid":{"rendered":"https:\/\/wgphoto.pl\/t\/?p=23130"},"modified":"2026-03-01T12:52:45","modified_gmt":"2026-03-01T11:52:45","slug":"eu07-404-2","status":"publish","type":"post","link":"https:\/\/wgphoto.pl\/t\/?p=23130","title":{"rendered":"EU07-404"},"content":{"rendered":"\n<figure class=\"wp-block-image aligncenter size-full\"><img loading=\"lazy\" decoding=\"async\" width=\"1500\" height=\"982\" src=\"https:\/\/wgphoto.pl\/t\/wp-content\/uploads\/2026\/03\/2002u-08_rsn.jpg\" alt=\"\" class=\"wp-image-23131\" srcset=\"https:\/\/wgphoto.pl\/t\/wp-content\/uploads\/2026\/03\/2002u-08_rsn.jpg 1500w, https:\/\/wgphoto.pl\/t\/wp-content\/uploads\/2026\/03\/2002u-08_rsn-300x196.jpg 300w, https:\/\/wgphoto.pl\/t\/wp-content\/uploads\/2026\/03\/2002u-08_rsn-768x503.jpg 768w\" sizes=\"auto, (max-width: 1500px) 100vw, 1500px\" \/><\/figure>\n\n\n\n<div class=\"wp-block-group has-global-padding is-layout-constrained wp-block-group-is-layout-constrained\">\n<p>EU07-404 z CM \u017burawica z poci\u0105giem Ex 7300 &#8222;Wielkopolanin&#8221; relacji Pozna\u0144 G\u0142. &#8211; Rzesz\u00f3w mija (jeszcze) stacj\u0119 D\u0105browa Niemodli\u0144ska. 31.08.2002<\/p>\n<\/div>\n","protected":false},"excerpt":{"rendered":"<p>EU07-404 z CM \u017burawica z poci\u0105giem Ex 7300 &#8222;Wielkopolanin&#8221; relacji Pozna\u0144 G\u0142. &#8211; Rzesz\u00f3w mija (jeszcze) stacj\u0119 D\u0105browa Niemodli\u0144ska. 31.08.2002<\/p>\n","protected":false},"author":1,"featured_media":23131,"comment_status":"open","ping_status":"","sticky":false,"template":"","format":"standard","meta":{"footnotes":""},"categories":[62,2,577],"tags":[1235,4695,122,63,27,1767,176,711],"class_list":["post-23130","post","type-post","status-publish","format-standard","has-post-thumbnail","hentry","category-analog","category-kolej","category-rok-2002","tag-2002-08-31","tag-dabrowa-niemodlinska","tag-eu07","tag-pkp","tag-polska","tag-porownania","tag-rano","tag-tab-pl220"],"_links":{"self":[{"href":"https:\/\/wgphoto.pl\/t\/index.php?rest_route=\/wp\/v2\/posts\/23130","targetHints":{"allow":["GET"]}}],"collection":[{"href":"https:\/\/wgphoto.pl\/t\/index.php?rest_route=\/wp\/v2\/posts"}],"about":[{"href":"https:\/\/wgphoto.pl\/t\/index.php?rest_route=\/wp\/v2\/types\/post"}],"author":[{"embeddable":true,"href":"https:\/\/wgphoto.pl\/t\/index.php?rest_route=\/wp\/v2\/users\/1"}],"replies":[{"embeddable":true,"href":"https:\/\/wgphoto.pl\/t\/index.php?rest_route=%2Fwp%2Fv2%2Fcomments&post=23130"}],"version-history":[{"count":1,"href":"https:\/\/wgphoto.pl\/t\/index.php?rest_route=\/wp\/v2\/posts\/23130\/revisions"}],"predecessor-version":[{"id":23132,"href":"https:\/\/wgphoto.pl\/t\/index.php?rest_route=\/wp\/v2\/posts\/23130\/revisions\/23132"}],"wp:featuredmedia":[{"embeddable":true,"href":"https:\/\/wgphoto.pl\/t\/index.php?rest_route=\/wp\/v2\/media\/23131"}],"wp:attachment":[{"href":"https:\/\/wgphoto.pl\/t\/index.php?rest_route=%2Fwp%2Fv2%2Fmedia&parent=23130"}],"wp:term":[{"taxonomy":"category","embeddable":true,"href":"https:\/\/wgphoto.pl\/t\/index.php?rest_route=%2Fwp%2Fv2%2Fcategories&post=23130"},{"taxonomy":"post_tag","embeddable":true,"href":"https:\/\/wgphoto.pl\/t\/index.php?rest_route=%2Fwp%2Fv2%2Ftags&post=23130"}],"curies":[{"name":"wp","href":"https:\/\/api.w.org\/{rel}","templated":true}]}}