{"id":23137,"date":"2026-03-01T15:00:37","date_gmt":"2026-03-01T14:00:37","guid":{"rendered":"https:\/\/wgphoto.pl\/t\/?p=23137"},"modified":"2026-03-01T15:00:37","modified_gmt":"2026-03-01T14:00:37","slug":"pociag-w-barwach-morskich-fal","status":"publish","type":"post","link":"https:\/\/wgphoto.pl\/t\/?p=23137","title":{"rendered":"Poci\u0105g w barwach morskich fal"},"content":{"rendered":"\n<figure class=\"wp-block-image aligncenter size-full\"><img loading=\"lazy\" decoding=\"async\" width=\"1500\" height=\"1000\" src=\"https:\/\/wgphoto.pl\/t\/wp-content\/uploads\/2026\/03\/DSFN2575.jpg\" alt=\"\" class=\"wp-image-23138\" srcset=\"https:\/\/wgphoto.pl\/t\/wp-content\/uploads\/2026\/03\/DSFN2575.jpg 1500w, https:\/\/wgphoto.pl\/t\/wp-content\/uploads\/2026\/03\/DSFN2575-300x200.jpg 300w, https:\/\/wgphoto.pl\/t\/wp-content\/uploads\/2026\/03\/DSFN2575-768x512.jpg 768w\" sizes=\"auto, (max-width: 1500px) 100vw, 1500px\" \/><\/figure>\n\n\n\n<div class=\"wp-block-group has-global-padding is-layout-constrained wp-block-group-is-layout-constrained\">\n<p>IC 607 z Mediolanu do Lecce, w aktualnym schemacie malowania poci\u0105g\u00f3w tej kategorii, jak dla mnie ma\u0142o fotogenicznym, mija koniec peronu w Grottammare, dok\u0142adnie ten z poprzedniego zdj\u0119cia. Dystans z Mediolanu do Pescary pokonuje w czasie 6,5h, to o godzin\u0119 kr\u00f3cej od Regionale Veloce z poprzedniego zdj\u0119cia. W kadrze moj\u0105 uwag\u0119 zwr\u00f3ci\u0142y tak\u017ce ptaki, kt\u00f3re w\u0142a\u015bnie poderwa\u0142y si\u0119 do lotu. 24.01.2026<\/p>\n<\/div>\n","protected":false},"excerpt":{"rendered":"<p>IC 607 z Mediolanu do Lecce, w aktualnym schemacie malowania poci\u0105g\u00f3w tej kategorii, jak dla mnie ma\u0142o fotogenicznym, mija koniec peronu w Grottammare, dok\u0142adnie ten z poprzedniego zdj\u0119cia. Dystans z Mediolanu do Pescary pokonuje w czasie 6,5h, to o godzin\u0119 kr\u00f3cej od Regionale Veloce z poprzedniego zdj\u0119cia. W kadrze moj\u0105 uwag\u0119 zwr\u00f3ci\u0142y tak\u017ce ptaki, kt\u00f3re [&hellip;]<\/p>\n","protected":false},"author":1,"featured_media":23138,"comment_status":"open","ping_status":"","sticky":false,"template":"","format":"standard","meta":{"footnotes":""},"categories":[2,4643],"tags":[4696,4654,112,4697,113,4650,116,110],"class_list":["post-23137","post","type-post","status-publish","format-standard","has-post-thumbnail","hentry","category-kolej","category-rok-2026","tag-2026-01-24","tag-e414","tag-fs","tag-grottammare","tag-landszaft","tag-marche-2026","tag-morze","tag-wlochy"],"_links":{"self":[{"href":"https:\/\/wgphoto.pl\/t\/index.php?rest_route=\/wp\/v2\/posts\/23137","targetHints":{"allow":["GET"]}}],"collection":[{"href":"https:\/\/wgphoto.pl\/t\/index.php?rest_route=\/wp\/v2\/posts"}],"about":[{"href":"https:\/\/wgphoto.pl\/t\/index.php?rest_route=\/wp\/v2\/types\/post"}],"author":[{"embeddable":true,"href":"https:\/\/wgphoto.pl\/t\/index.php?rest_route=\/wp\/v2\/users\/1"}],"replies":[{"embeddable":true,"href":"https:\/\/wgphoto.pl\/t\/index.php?rest_route=%2Fwp%2Fv2%2Fcomments&post=23137"}],"version-history":[{"count":1,"href":"https:\/\/wgphoto.pl\/t\/index.php?rest_route=\/wp\/v2\/posts\/23137\/revisions"}],"predecessor-version":[{"id":23139,"href":"https:\/\/wgphoto.pl\/t\/index.php?rest_route=\/wp\/v2\/posts\/23137\/revisions\/23139"}],"wp:featuredmedia":[{"embeddable":true,"href":"https:\/\/wgphoto.pl\/t\/index.php?rest_route=\/wp\/v2\/media\/23138"}],"wp:attachment":[{"href":"https:\/\/wgphoto.pl\/t\/index.php?rest_route=%2Fwp%2Fv2%2Fmedia&parent=23137"}],"wp:term":[{"taxonomy":"category","embeddable":true,"href":"https:\/\/wgphoto.pl\/t\/index.php?rest_route=%2Fwp%2Fv2%2Fcategories&post=23137"},{"taxonomy":"post_tag","embeddable":true,"href":"https:\/\/wgphoto.pl\/t\/index.php?rest_route=%2Fwp%2Fv2%2Ftags&post=23137"}],"curies":[{"name":"wp","href":"https:\/\/api.w.org\/{rel}","templated":true}]}}