{"id":23140,"date":"2026-03-01T15:02:10","date_gmt":"2026-03-01T14:02:10","guid":{"rendered":"https:\/\/wgphoto.pl\/t\/?p=23140"},"modified":"2026-03-01T15:02:10","modified_gmt":"2026-03-01T14:02:10","slug":"stacja-nad-brzegiem-morza","status":"publish","type":"post","link":"https:\/\/wgphoto.pl\/t\/?p=23140","title":{"rendered":"Stacja nad brzegiem morza"},"content":{"rendered":"\n<figure class=\"wp-block-image aligncenter size-full\"><img loading=\"lazy\" decoding=\"async\" width=\"1500\" height=\"1000\" src=\"https:\/\/wgphoto.pl\/t\/wp-content\/uploads\/2026\/03\/DSFN2715.jpg\" alt=\"\" class=\"wp-image-23141\" srcset=\"https:\/\/wgphoto.pl\/t\/wp-content\/uploads\/2026\/03\/DSFN2715.jpg 1500w, https:\/\/wgphoto.pl\/t\/wp-content\/uploads\/2026\/03\/DSFN2715-300x200.jpg 300w, https:\/\/wgphoto.pl\/t\/wp-content\/uploads\/2026\/03\/DSFN2715-768x512.jpg 768w\" sizes=\"auto, (max-width: 1500px) 100vw, 1500px\" \/><\/figure>\n\n\n\n<div class=\"wp-block-group has-global-padding is-layout-constrained wp-block-group-is-layout-constrained\">\n<p>ETR104-299 jako poci\u0105g R4277 Ancona &#8211; Pescara C.le zatrzymuje si\u0119 w Pedaso. Wiele stacji na adriatyckiej magistrali ma podobny uk\u0142ad, z torami g\u0142\u00f3wnymi po zewn\u0119trznej i jednym torem dodatkowym po\u015brodku. Posterunki zdegradowane do roli przystanku wygl\u0105daj\u0105 za\u015b jak dwa zdj\u0119cia wstecz, gdzie tylko usuni\u0119to tor dodatkowy, bez zmiany ca\u0142ej reszty. 25.01.2026<\/p>\n<\/div>\n","protected":false},"excerpt":{"rendered":"<p>ETR104-299 jako poci\u0105g R4277 Ancona &#8211; Pescara C.le zatrzymuje si\u0119 w Pedaso. Wiele stacji na adriatyckiej magistrali ma podobny uk\u0142ad, z torami g\u0142\u00f3wnymi po zewn\u0119trznej i jednym torem dodatkowym po\u015brodku. Posterunki zdegradowane do roli przystanku wygl\u0105daj\u0105 za\u015b jak dwa zdj\u0119cia wstecz, gdzie tylko usuni\u0119to tor dodatkowy, bez zmiany ca\u0142ej reszty. 25.01.2026<\/p>\n","protected":false},"author":1,"featured_media":23141,"comment_status":"open","ping_status":"","sticky":false,"template":"","format":"standard","meta":{"footnotes":""},"categories":[2,4643],"tags":[4699,4473,112,4650,116,1186,4698,24,110],"class_list":["post-23140","post","type-post","status-publish","format-standard","has-post-thumbnail","hentry","category-kolej","category-rok-2026","tag-2026-01-25","tag-alstom-coradia-stream","tag-fs","tag-marche-2026","tag-morze","tag-na-wsiadanego","tag-pedaso","tag-perony","tag-wlochy"],"_links":{"self":[{"href":"https:\/\/wgphoto.pl\/t\/index.php?rest_route=\/wp\/v2\/posts\/23140","targetHints":{"allow":["GET"]}}],"collection":[{"href":"https:\/\/wgphoto.pl\/t\/index.php?rest_route=\/wp\/v2\/posts"}],"about":[{"href":"https:\/\/wgphoto.pl\/t\/index.php?rest_route=\/wp\/v2\/types\/post"}],"author":[{"embeddable":true,"href":"https:\/\/wgphoto.pl\/t\/index.php?rest_route=\/wp\/v2\/users\/1"}],"replies":[{"embeddable":true,"href":"https:\/\/wgphoto.pl\/t\/index.php?rest_route=%2Fwp%2Fv2%2Fcomments&post=23140"}],"version-history":[{"count":1,"href":"https:\/\/wgphoto.pl\/t\/index.php?rest_route=\/wp\/v2\/posts\/23140\/revisions"}],"predecessor-version":[{"id":23142,"href":"https:\/\/wgphoto.pl\/t\/index.php?rest_route=\/wp\/v2\/posts\/23140\/revisions\/23142"}],"wp:featuredmedia":[{"embeddable":true,"href":"https:\/\/wgphoto.pl\/t\/index.php?rest_route=\/wp\/v2\/media\/23141"}],"wp:attachment":[{"href":"https:\/\/wgphoto.pl\/t\/index.php?rest_route=%2Fwp%2Fv2%2Fmedia&parent=23140"}],"wp:term":[{"taxonomy":"category","embeddable":true,"href":"https:\/\/wgphoto.pl\/t\/index.php?rest_route=%2Fwp%2Fv2%2Fcategories&post=23140"},{"taxonomy":"post_tag","embeddable":true,"href":"https:\/\/wgphoto.pl\/t\/index.php?rest_route=%2Fwp%2Fv2%2Ftags&post=23140"}],"curies":[{"name":"wp","href":"https:\/\/api.w.org\/{rel}","templated":true}]}}