{"id":23179,"date":"2026-03-08T16:12:34","date_gmt":"2026-03-08T15:12:34","guid":{"rendered":"https:\/\/wgphoto.pl\/t\/?p=23179"},"modified":"2026-03-08T16:12:34","modified_gmt":"2026-03-08T15:12:34","slug":"dotyczy-calej-zajezdni","status":"publish","type":"post","link":"https:\/\/wgphoto.pl\/t\/?p=23179","title":{"rendered":"Dotyczy ca\u0142ej zajezdni"},"content":{"rendered":"\n<figure class=\"wp-block-image aligncenter size-full\"><img loading=\"lazy\" decoding=\"async\" width=\"1499\" height=\"993\" src=\"https:\/\/wgphoto.pl\/t\/wp-content\/uploads\/2026\/03\/0306-08_rsn.jpg\" alt=\"\" class=\"wp-image-23180\" srcset=\"https:\/\/wgphoto.pl\/t\/wp-content\/uploads\/2026\/03\/0306-08_rsn.jpg 1499w, https:\/\/wgphoto.pl\/t\/wp-content\/uploads\/2026\/03\/0306-08_rsn-300x199.jpg 300w, https:\/\/wgphoto.pl\/t\/wp-content\/uploads\/2026\/03\/0306-08_rsn-768x509.jpg 768w\" sizes=\"auto, (max-width: 1499px) 100vw, 1499px\" \/><\/figure>\n\n\n\n<div class=\"wp-block-group has-global-padding is-layout-constrained wp-block-group-is-layout-constrained\">\n<p>Wroc\u0142aw, zajezdnia O\u0142bin. 102Na 2029 rozpoczyna kurs linii 6, kt\u00f3ra ko\u0144czy\u0142a tras\u0119 na terenie zajezdni podczas przebudowy ul. Jedno\u015bci Narodowej. Ograniczenie pr\u0119dko\u015bci na bramie powieszono zdecydowanie na wyrost, bowiem tramwaj nie jest w stanie utrzyma\u0107 takiej pr\u0119dko\u015bci, szczeg\u00f3lnie w ciasnych \u0142ukach. 10.03.2003<\/p>\n<\/div>\n","protected":false},"excerpt":{"rendered":"<p>Wroc\u0142aw, zajezdnia O\u0142bin. 102Na 2029 rozpoczyna kurs linii 6, kt\u00f3ra ko\u0144czy\u0142a tras\u0119 na terenie zajezdni podczas przebudowy ul. Jedno\u015bci Narodowej. Ograniczenie pr\u0119dko\u015bci na bramie powieszono zdecydowanie na wyrost, bowiem tramwaj nie jest w stanie utrzyma\u0107 takiej pr\u0119dko\u015bci, szczeg\u00f3lnie w ciasnych \u0142ukach. 10.03.2003<\/p>\n","protected":false},"author":1,"featured_media":23180,"comment_status":"open","ping_status":"","sticky":false,"template":"","format":"standard","meta":{"footnotes":""},"categories":[62,149,3],"tags":[3566,418,309,42,27,41],"class_list":["post-23179","post","type-post","status-publish","format-standard","has-post-thumbnail","hentry","category-analog","category-rok-2003","category-tramwaj","tag-2003-03-10","tag-auto","tag-konstal-102na","tag-mpk-wroclaw","tag-polska","tag-wroclaw"],"_links":{"self":[{"href":"https:\/\/wgphoto.pl\/t\/index.php?rest_route=\/wp\/v2\/posts\/23179","targetHints":{"allow":["GET"]}}],"collection":[{"href":"https:\/\/wgphoto.pl\/t\/index.php?rest_route=\/wp\/v2\/posts"}],"about":[{"href":"https:\/\/wgphoto.pl\/t\/index.php?rest_route=\/wp\/v2\/types\/post"}],"author":[{"embeddable":true,"href":"https:\/\/wgphoto.pl\/t\/index.php?rest_route=\/wp\/v2\/users\/1"}],"replies":[{"embeddable":true,"href":"https:\/\/wgphoto.pl\/t\/index.php?rest_route=%2Fwp%2Fv2%2Fcomments&post=23179"}],"version-history":[{"count":1,"href":"https:\/\/wgphoto.pl\/t\/index.php?rest_route=\/wp\/v2\/posts\/23179\/revisions"}],"predecessor-version":[{"id":23181,"href":"https:\/\/wgphoto.pl\/t\/index.php?rest_route=\/wp\/v2\/posts\/23179\/revisions\/23181"}],"wp:featuredmedia":[{"embeddable":true,"href":"https:\/\/wgphoto.pl\/t\/index.php?rest_route=\/wp\/v2\/media\/23180"}],"wp:attachment":[{"href":"https:\/\/wgphoto.pl\/t\/index.php?rest_route=%2Fwp%2Fv2%2Fmedia&parent=23179"}],"wp:term":[{"taxonomy":"category","embeddable":true,"href":"https:\/\/wgphoto.pl\/t\/index.php?rest_route=%2Fwp%2Fv2%2Fcategories&post=23179"},{"taxonomy":"post_tag","embeddable":true,"href":"https:\/\/wgphoto.pl\/t\/index.php?rest_route=%2Fwp%2Fv2%2Ftags&post=23179"}],"curies":[{"name":"wp","href":"https:\/\/api.w.org\/{rel}","templated":true}]}}