{"id":23182,"date":"2026-03-08T19:48:50","date_gmt":"2026-03-08T18:48:50","guid":{"rendered":"https:\/\/wgphoto.pl\/t\/?p=23182"},"modified":"2026-03-08T22:08:42","modified_gmt":"2026-03-08T21:08:42","slug":"miedzy-drzewami","status":"publish","type":"post","link":"https:\/\/wgphoto.pl\/t\/?p=23182","title":{"rendered":"Mi\u0119dzy drzewami"},"content":{"rendered":"\n<figure class=\"wp-block-image aligncenter size-full\"><img loading=\"lazy\" decoding=\"async\" width=\"1500\" height=\"994\" src=\"https:\/\/wgphoto.pl\/t\/wp-content\/uploads\/2026\/03\/IMGP1285.jpg\" alt=\"\" class=\"wp-image-23183\" srcset=\"https:\/\/wgphoto.pl\/t\/wp-content\/uploads\/2026\/03\/IMGP1285.jpg 1500w, https:\/\/wgphoto.pl\/t\/wp-content\/uploads\/2026\/03\/IMGP1285-300x199.jpg 300w, https:\/\/wgphoto.pl\/t\/wp-content\/uploads\/2026\/03\/IMGP1285-768x509.jpg 768w\" sizes=\"auto, (max-width: 1500px) 100vw, 1500px\" \/><\/figure>\n\n\n\n<div class=\"wp-block-group has-global-padding is-layout-constrained wp-block-group-is-layout-constrained\">\n<p>123.015 z dosy\u0107 atrakcyjnym sk\u0142adem mija Drahotu\u0161e. Od kiedy na tym odcinku obowi\u0105zkowy jest ETCS, takie lokomotywy ju\u017c si\u0119 tu nie pojawi\u0105. Zreszt\u0105 w og\u00f3le ma\u0142o gdzie si\u0119 pojawi\u0105, bo ich eksploatacja dobiega ko\u0144ca. 23.03.2023<\/p>\n<\/div>\n","protected":false},"excerpt":{"rendered":"<p>123.015 z dosy\u0107 atrakcyjnym sk\u0142adem mija Drahotu\u0161e. Od kiedy na tym odcinku obowi\u0105zkowy jest ETCS, takie lokomotywy ju\u017c si\u0119 tu nie pojawi\u0105. Zreszt\u0105 w og\u00f3le ma\u0142o gdzie si\u0119 pojawi\u0105, bo ich eksploatacja dobiega ko\u0144ca. 23.03.2023<\/p>\n","protected":false},"author":1,"featured_media":23183,"comment_status":"open","ping_status":"","sticky":false,"template":"","format":"standard","meta":{"footnotes":""},"categories":[2,6],"tags":[4148,4092,50,49,4095,4094,981],"class_list":["post-23182","post","type-post","status-publish","format-standard","has-post-thumbnail","hentry","category-kolej","category-2023r","tag-4148","tag-2023-03-23","tag-cd","tag-czechy","tag-drahotuse","tag-powitanie-wiosny-2023","tag-tab-cz270"],"_links":{"self":[{"href":"https:\/\/wgphoto.pl\/t\/index.php?rest_route=\/wp\/v2\/posts\/23182","targetHints":{"allow":["GET"]}}],"collection":[{"href":"https:\/\/wgphoto.pl\/t\/index.php?rest_route=\/wp\/v2\/posts"}],"about":[{"href":"https:\/\/wgphoto.pl\/t\/index.php?rest_route=\/wp\/v2\/types\/post"}],"author":[{"embeddable":true,"href":"https:\/\/wgphoto.pl\/t\/index.php?rest_route=\/wp\/v2\/users\/1"}],"replies":[{"embeddable":true,"href":"https:\/\/wgphoto.pl\/t\/index.php?rest_route=%2Fwp%2Fv2%2Fcomments&post=23182"}],"version-history":[{"count":2,"href":"https:\/\/wgphoto.pl\/t\/index.php?rest_route=\/wp\/v2\/posts\/23182\/revisions"}],"predecessor-version":[{"id":23188,"href":"https:\/\/wgphoto.pl\/t\/index.php?rest_route=\/wp\/v2\/posts\/23182\/revisions\/23188"}],"wp:featuredmedia":[{"embeddable":true,"href":"https:\/\/wgphoto.pl\/t\/index.php?rest_route=\/wp\/v2\/media\/23183"}],"wp:attachment":[{"href":"https:\/\/wgphoto.pl\/t\/index.php?rest_route=%2Fwp%2Fv2%2Fmedia&parent=23182"}],"wp:term":[{"taxonomy":"category","embeddable":true,"href":"https:\/\/wgphoto.pl\/t\/index.php?rest_route=%2Fwp%2Fv2%2Fcategories&post=23182"},{"taxonomy":"post_tag","embeddable":true,"href":"https:\/\/wgphoto.pl\/t\/index.php?rest_route=%2Fwp%2Fv2%2Ftags&post=23182"}],"curies":[{"name":"wp","href":"https:\/\/api.w.org\/{rel}","templated":true}]}}