{"id":23445,"date":"2026-04-26T22:55:50","date_gmt":"2026-04-26T20:55:50","guid":{"rendered":"https:\/\/wgphoto.pl\/t\/?p=23445"},"modified":"2026-04-26T22:55:50","modified_gmt":"2026-04-26T20:55:50","slug":"jasne-silosy-na-ciemnym-niebie","status":"publish","type":"post","link":"https:\/\/wgphoto.pl\/t\/?p=23445","title":{"rendered":"Jasne silosy na ciemnym niebie"},"content":{"rendered":"\n<figure class=\"wp-block-image aligncenter size-full\"><img loading=\"lazy\" decoding=\"async\" width=\"1500\" height=\"1000\" src=\"https:\/\/wgphoto.pl\/t\/wp-content\/uploads\/2026\/04\/DSFN3333.jpg\" alt=\"\" class=\"wp-image-23446\" srcset=\"https:\/\/wgphoto.pl\/t\/wp-content\/uploads\/2026\/04\/DSFN3333.jpg 1500w, https:\/\/wgphoto.pl\/t\/wp-content\/uploads\/2026\/04\/DSFN3333-300x200.jpg 300w, https:\/\/wgphoto.pl\/t\/wp-content\/uploads\/2026\/04\/DSFN3333-768x512.jpg 768w\" sizes=\"auto, (max-width: 1500px) 100vw, 1500px\" \/><\/figure>\n\n\n\n<div class=\"wp-block-group has-global-padding is-layout-constrained wp-block-group-is-layout-constrained\">\n<p>Linia z Bukaresztu w kierunku Pite\u0219ti i T\u00e2rgovi\u0219te jest o tyle ciekawa, \u017ce na niezelektryfikowanym dwutorze zabudowano SBL-k\u0119, co sugeruje spory ruch, zapewne towarowy, przynajmniej w przesz\u0142o\u015bci. Nie by\u0142o nam dane tego sprawdzi\u0107, poniewa\u017c na sporym odcinku linia sta\u0142a si\u0119 jednotorowa z powodu remontu jednego z tor\u00f3w. Wed\u0142ug tablic informacyjnych prace maj\u0105 si\u0119 zako\u0144czy\u0107 w bie\u017c\u0105cym roku i s\u0105 finansowane z funduszy UE. Openrailwaymap podpowiada z kolei s\u0142uszno\u015b\u0107 inwestycji, gdy\u017c na remontowanym torze obowi\u0105zywa\u0142a pr\u0119dko\u015b\u0107 60 km\/h, podczas gdy na czynnym by\u0142o to 100 km\/h. W takich okoliczno\u015bciach oraz w pierwszych promieniach porannego s\u0142o\u0144ca p\u0119dzi maszyna 66.0847 z poci\u0105giem R-E 9202 relacji Pite\u015fti &#8211; Bucure\u015fti Nord. Warto zwr\u00f3ci\u0107 uwag\u0119 na jeszcze bardziej kanciaste ni\u017c zwykle pud\u0142o lokomotywy. Cioc\u0103ne\u015fti &#8211; S\u0103b\u0103reni, 08.04.2026<\/p>\n<\/div>\n","protected":false},"excerpt":{"rendered":"<p>Linia z Bukaresztu w kierunku Pite\u0219ti i T\u00e2rgovi\u0219te jest o tyle ciekawa, \u017ce na niezelektryfikowanym dwutorze zabudowano SBL-k\u0119, co sugeruje spory ruch, zapewne towarowy, przynajmniej w przesz\u0142o\u015bci. Nie by\u0142o nam dane tego sprawdzi\u0107, poniewa\u017c na sporym odcinku linia sta\u0142a si\u0119 jednotorowa z powodu remontu jednego z tor\u00f3w. Wed\u0142ug tablic informacyjnych prace maj\u0105 si\u0119 zako\u0144czy\u0107 w [&hellip;]<\/p>\n","protected":false},"author":1,"featured_media":23446,"comment_status":"open","ping_status":"","sticky":false,"template":"","format":"standard","meta":{"footnotes":""},"categories":[2,4643],"tags":[4730,4740,958,4742,118,176,574,4728,4741,294],"class_list":["post-23445","post","type-post","status-publish","format-standard","has-post-thumbnail","hentry","category-kolej","category-rok-2026","tag-2026-04-08","tag-4740","tag-cfr","tag-ciocanesti","tag-plany-i-profile","tag-rano","tag-rumunia","tag-rumunska-wiosna-2026","tag-sabareni","tag-wiosna"],"_links":{"self":[{"href":"https:\/\/wgphoto.pl\/t\/index.php?rest_route=\/wp\/v2\/posts\/23445","targetHints":{"allow":["GET"]}}],"collection":[{"href":"https:\/\/wgphoto.pl\/t\/index.php?rest_route=\/wp\/v2\/posts"}],"about":[{"href":"https:\/\/wgphoto.pl\/t\/index.php?rest_route=\/wp\/v2\/types\/post"}],"author":[{"embeddable":true,"href":"https:\/\/wgphoto.pl\/t\/index.php?rest_route=\/wp\/v2\/users\/1"}],"replies":[{"embeddable":true,"href":"https:\/\/wgphoto.pl\/t\/index.php?rest_route=%2Fwp%2Fv2%2Fcomments&post=23445"}],"version-history":[{"count":1,"href":"https:\/\/wgphoto.pl\/t\/index.php?rest_route=\/wp\/v2\/posts\/23445\/revisions"}],"predecessor-version":[{"id":23447,"href":"https:\/\/wgphoto.pl\/t\/index.php?rest_route=\/wp\/v2\/posts\/23445\/revisions\/23447"}],"wp:featuredmedia":[{"embeddable":true,"href":"https:\/\/wgphoto.pl\/t\/index.php?rest_route=\/wp\/v2\/media\/23446"}],"wp:attachment":[{"href":"https:\/\/wgphoto.pl\/t\/index.php?rest_route=%2Fwp%2Fv2%2Fmedia&parent=23445"}],"wp:term":[{"taxonomy":"category","embeddable":true,"href":"https:\/\/wgphoto.pl\/t\/index.php?rest_route=%2Fwp%2Fv2%2Fcategories&post=23445"},{"taxonomy":"post_tag","embeddable":true,"href":"https:\/\/wgphoto.pl\/t\/index.php?rest_route=%2Fwp%2Fv2%2Ftags&post=23445"}],"curies":[{"name":"wp","href":"https:\/\/api.w.org\/{rel}","templated":true}]}}