{"id":23451,"date":"2026-04-26T23:21:24","date_gmt":"2026-04-26T21:21:24","guid":{"rendered":"https:\/\/wgphoto.pl\/t\/?p=23451"},"modified":"2026-04-26T23:21:24","modified_gmt":"2026-04-26T21:21:24","slug":"odjazd-w-sina-dal","status":"publish","type":"post","link":"https:\/\/wgphoto.pl\/t\/?p=23451","title":{"rendered":"Odjazd w sin\u0105 dal"},"content":{"rendered":"\n<figure class=\"wp-block-image aligncenter size-full\"><img loading=\"lazy\" decoding=\"async\" width=\"1500\" height=\"1000\" src=\"https:\/\/wgphoto.pl\/t\/wp-content\/uploads\/2026\/04\/DSFN3652.jpg\" alt=\"\" class=\"wp-image-23452\" srcset=\"https:\/\/wgphoto.pl\/t\/wp-content\/uploads\/2026\/04\/DSFN3652.jpg 1500w, https:\/\/wgphoto.pl\/t\/wp-content\/uploads\/2026\/04\/DSFN3652-300x200.jpg 300w, https:\/\/wgphoto.pl\/t\/wp-content\/uploads\/2026\/04\/DSFN3652-768x512.jpg 768w\" sizes=\"auto, (max-width: 1500px) 100vw, 1500px\" \/><\/figure>\n\n\n\n<div class=\"wp-block-group has-global-padding is-layout-constrained wp-block-group-is-layout-constrained\">\n<p>Zestaw 78.3223\/3209 jako poci\u0105g R 10249 relacji Ploie\u0219ti Sud &#8211; M\u0103neciu odje\u017cd\u017ca ze stacji F\u0103get Teleajen. Stacja ko\u0144cowa le\u017cy u podn\u00f3\u017ca g\u00f3r widocznych w tle. 09.04.2026<\/p>\n<\/div>\n","protected":false},"excerpt":{"rendered":"<p>Zestaw 78.3223\/3209 jako poci\u0105g R 10249 relacji Ploie\u0219ti Sud &#8211; M\u0103neciu odje\u017cd\u017ca ze stacji F\u0103get Teleajen. Stacja ko\u0144cowa le\u017cy u podn\u00f3\u017ca g\u00f3r widocznych w tle. 09.04.2026<\/p>\n","protected":false},"author":1,"featured_media":23452,"comment_status":"open","ping_status":"","sticky":false,"template":"","format":"standard","meta":{"footnotes":""},"categories":[2,4643],"tags":[4726,4743,4744,173,574,4728,53,1589,294],"class_list":["post-23451","post","type-post","status-publish","format-standard","has-post-thumbnail","hentry","category-kolej","category-rok-2026","tag-2026-04-09","tag-4743","tag-faget-teleajen","tag-koncowki","tag-rumunia","tag-rumunska-wiosna-2026","tag-sygnalizacja-ksztaltowa","tag-tfc","tag-wiosna"],"_links":{"self":[{"href":"https:\/\/wgphoto.pl\/t\/index.php?rest_route=\/wp\/v2\/posts\/23451","targetHints":{"allow":["GET"]}}],"collection":[{"href":"https:\/\/wgphoto.pl\/t\/index.php?rest_route=\/wp\/v2\/posts"}],"about":[{"href":"https:\/\/wgphoto.pl\/t\/index.php?rest_route=\/wp\/v2\/types\/post"}],"author":[{"embeddable":true,"href":"https:\/\/wgphoto.pl\/t\/index.php?rest_route=\/wp\/v2\/users\/1"}],"replies":[{"embeddable":true,"href":"https:\/\/wgphoto.pl\/t\/index.php?rest_route=%2Fwp%2Fv2%2Fcomments&post=23451"}],"version-history":[{"count":1,"href":"https:\/\/wgphoto.pl\/t\/index.php?rest_route=\/wp\/v2\/posts\/23451\/revisions"}],"predecessor-version":[{"id":23453,"href":"https:\/\/wgphoto.pl\/t\/index.php?rest_route=\/wp\/v2\/posts\/23451\/revisions\/23453"}],"wp:featuredmedia":[{"embeddable":true,"href":"https:\/\/wgphoto.pl\/t\/index.php?rest_route=\/wp\/v2\/media\/23452"}],"wp:attachment":[{"href":"https:\/\/wgphoto.pl\/t\/index.php?rest_route=%2Fwp%2Fv2%2Fmedia&parent=23451"}],"wp:term":[{"taxonomy":"category","embeddable":true,"href":"https:\/\/wgphoto.pl\/t\/index.php?rest_route=%2Fwp%2Fv2%2Fcategories&post=23451"},{"taxonomy":"post_tag","embeddable":true,"href":"https:\/\/wgphoto.pl\/t\/index.php?rest_route=%2Fwp%2Fv2%2Ftags&post=23451"}],"curies":[{"name":"wp","href":"https:\/\/api.w.org\/{rel}","templated":true}]}}