{"id":2349,"date":"2024-10-12T11:20:51","date_gmt":"2024-10-12T09:20:51","guid":{"rendered":"https:\/\/wgphoto.pl\/t\/?p=2349"},"modified":"2024-10-12T11:20:51","modified_gmt":"2024-10-12T09:20:51","slug":"stad-do-przyszlosci","status":"publish","type":"post","link":"https:\/\/wgphoto.pl\/t\/?p=2349","title":{"rendered":"St\u0105d do przysz\u0142o\u015bci"},"content":{"rendered":"\n<figure class=\"wp-block-image aligncenter size-full\"><img loading=\"lazy\" decoding=\"async\" width=\"1200\" height=\"800\" src=\"https:\/\/wgphoto.pl\/t\/wp-content\/uploads\/2024\/10\/IMGP4394.jpg\" alt=\"\" class=\"wp-image-2350\" srcset=\"https:\/\/wgphoto.pl\/t\/wp-content\/uploads\/2024\/10\/IMGP4394.jpg 1200w, https:\/\/wgphoto.pl\/t\/wp-content\/uploads\/2024\/10\/IMGP4394-300x200.jpg 300w, https:\/\/wgphoto.pl\/t\/wp-content\/uploads\/2024\/10\/IMGP4394-768x512.jpg 768w\" sizes=\"auto, (max-width: 1200px) 100vw, 1200px\" \/><\/figure>\n\n\n\n<div class=\"wp-block-group has-global-padding is-layout-constrained wp-block-group-is-layout-constrained\">\n<p>Bratys\u0142awa, p\u0119tla \u017dST Nov\u00e9 Mesto. Efekt nie by\u0142 zamierzony &#8211; po prostu niezadowolony ze zdj\u0119cia motorniczy (doskonale przecie\u017c widoczny na zdj\u0119ciu\u2026) ruszy\u0142 widz\u0105c, \u017ce na\u015bwietlam. 23.06.2019<\/p>\n<\/div>\n","protected":false},"excerpt":{"rendered":"<p>Bratys\u0142awa, p\u0119tla \u017dST Nov\u00e9 Mesto. Efekt nie by\u0142 zamierzony &#8211; po prostu niezadowolony ze zdj\u0119cia motorniczy (doskonale przecie\u017c widoczny na zdj\u0119ciu\u2026) ruszy\u0142 widz\u0105c, \u017ce na\u015bwietlam. 23.06.2019<\/p>\n","protected":false},"author":1,"featured_media":2350,"comment_status":"open","ping_status":"","sticky":false,"template":"","format":"standard","meta":{"footnotes":""},"categories":[136,3],"tags":[903,902,13,906,154,904,675,994,90],"class_list":["post-2349","post","type-post","status-publish","format-standard","has-post-thumbnail","hentry","category-rok-2019","category-tramwaj","tag-2019-06-23","tag-bratyslawa","tag-deszcz","tag-dp-bratislava","tag-noc","tag-skoda-30t","tag-slowacja","tag-tatra-k2","tag-wieczorem"],"_links":{"self":[{"href":"https:\/\/wgphoto.pl\/t\/index.php?rest_route=\/wp\/v2\/posts\/2349","targetHints":{"allow":["GET"]}}],"collection":[{"href":"https:\/\/wgphoto.pl\/t\/index.php?rest_route=\/wp\/v2\/posts"}],"about":[{"href":"https:\/\/wgphoto.pl\/t\/index.php?rest_route=\/wp\/v2\/types\/post"}],"author":[{"embeddable":true,"href":"https:\/\/wgphoto.pl\/t\/index.php?rest_route=\/wp\/v2\/users\/1"}],"replies":[{"embeddable":true,"href":"https:\/\/wgphoto.pl\/t\/index.php?rest_route=%2Fwp%2Fv2%2Fcomments&post=2349"}],"version-history":[{"count":1,"href":"https:\/\/wgphoto.pl\/t\/index.php?rest_route=\/wp\/v2\/posts\/2349\/revisions"}],"predecessor-version":[{"id":2351,"href":"https:\/\/wgphoto.pl\/t\/index.php?rest_route=\/wp\/v2\/posts\/2349\/revisions\/2351"}],"wp:featuredmedia":[{"embeddable":true,"href":"https:\/\/wgphoto.pl\/t\/index.php?rest_route=\/wp\/v2\/media\/2350"}],"wp:attachment":[{"href":"https:\/\/wgphoto.pl\/t\/index.php?rest_route=%2Fwp%2Fv2%2Fmedia&parent=2349"}],"wp:term":[{"taxonomy":"category","embeddable":true,"href":"https:\/\/wgphoto.pl\/t\/index.php?rest_route=%2Fwp%2Fv2%2Fcategories&post=2349"},{"taxonomy":"post_tag","embeddable":true,"href":"https:\/\/wgphoto.pl\/t\/index.php?rest_route=%2Fwp%2Fv2%2Ftags&post=2349"}],"curies":[{"name":"wp","href":"https:\/\/api.w.org\/{rel}","templated":true}]}}