{"id":2358,"date":"2024-10-12T11:23:50","date_gmt":"2024-10-12T09:23:50","guid":{"rendered":"https:\/\/wgphoto.pl\/t\/?p=2358"},"modified":"2024-10-12T11:23:50","modified_gmt":"2024-10-12T09:23:50","slug":"ty2-953-fosowskie","status":"publish","type":"post","link":"https:\/\/wgphoto.pl\/t\/?p=2358","title":{"rendered":"Ty2-953, Fosowskie"},"content":{"rendered":"\n<figure class=\"wp-block-image aligncenter size-full\"><img loading=\"lazy\" decoding=\"async\" width=\"1200\" height=\"796\" src=\"https:\/\/wgphoto.pl\/t\/wp-content\/uploads\/2024\/10\/0713-27.jpg\" alt=\"\" class=\"wp-image-2359\" srcset=\"https:\/\/wgphoto.pl\/t\/wp-content\/uploads\/2024\/10\/0713-27.jpg 1200w, https:\/\/wgphoto.pl\/t\/wp-content\/uploads\/2024\/10\/0713-27-300x199.jpg 300w, https:\/\/wgphoto.pl\/t\/wp-content\/uploads\/2024\/10\/0713-27-768x509.jpg 768w\" sizes=\"auto, (max-width: 1200px) 100vw, 1200px\" \/><\/figure>\n\n\n\n<div class=\"wp-block-group has-global-padding is-layout-constrained wp-block-group-is-layout-constrained\">\n<p>Ty2-953 z pociagiem specjalnym z Opola do Tarnowskich G\u00f3r, uruchomionym z nieznanej mi okazji, odje\u017cd\u017ca ze stacji Fosowskie. Trudno uwierzy\u0107, \u017ce dzisiaj t\u0119dy przelatuje Pendolino. 16.06.2007<\/p>\n<\/div>\n","protected":false},"excerpt":{"rendered":"<p>Ty2-953 z pociagiem specjalnym z Opola do Tarnowskich G\u00f3r, uruchomionym z nieznanej mi okazji, odje\u017cd\u017ca ze stacji Fosowskie. Trudno uwierzy\u0107, \u017ce dzisiaj t\u0119dy przelatuje Pendolino. 16.06.2007<\/p>\n","protected":false},"author":1,"featured_media":2359,"comment_status":"open","ping_status":"","sticky":false,"template":"","format":"standard","meta":{"footnotes":""},"categories":[62,2,96],"tags":[1221,13,1220,358,63,27,139,202,1219,1222],"class_list":["post-2358","post","type-post","status-publish","format-standard","has-post-thumbnail","hentry","category-analog","category-kolej","category-rok-2007","tag-2007-06-16","tag-deszcz","tag-fosowskie","tag-parowoz","tag-pkp","tag-polska","tag-retro","tag-specjalny","tag-tab-pl170","tag-ty2"],"_links":{"self":[{"href":"https:\/\/wgphoto.pl\/t\/index.php?rest_route=\/wp\/v2\/posts\/2358","targetHints":{"allow":["GET"]}}],"collection":[{"href":"https:\/\/wgphoto.pl\/t\/index.php?rest_route=\/wp\/v2\/posts"}],"about":[{"href":"https:\/\/wgphoto.pl\/t\/index.php?rest_route=\/wp\/v2\/types\/post"}],"author":[{"embeddable":true,"href":"https:\/\/wgphoto.pl\/t\/index.php?rest_route=\/wp\/v2\/users\/1"}],"replies":[{"embeddable":true,"href":"https:\/\/wgphoto.pl\/t\/index.php?rest_route=%2Fwp%2Fv2%2Fcomments&post=2358"}],"version-history":[{"count":1,"href":"https:\/\/wgphoto.pl\/t\/index.php?rest_route=\/wp\/v2\/posts\/2358\/revisions"}],"predecessor-version":[{"id":2360,"href":"https:\/\/wgphoto.pl\/t\/index.php?rest_route=\/wp\/v2\/posts\/2358\/revisions\/2360"}],"wp:featuredmedia":[{"embeddable":true,"href":"https:\/\/wgphoto.pl\/t\/index.php?rest_route=\/wp\/v2\/media\/2359"}],"wp:attachment":[{"href":"https:\/\/wgphoto.pl\/t\/index.php?rest_route=%2Fwp%2Fv2%2Fmedia&parent=2358"}],"wp:term":[{"taxonomy":"category","embeddable":true,"href":"https:\/\/wgphoto.pl\/t\/index.php?rest_route=%2Fwp%2Fv2%2Fcategories&post=2358"},{"taxonomy":"post_tag","embeddable":true,"href":"https:\/\/wgphoto.pl\/t\/index.php?rest_route=%2Fwp%2Fv2%2Ftags&post=2358"}],"curies":[{"name":"wp","href":"https:\/\/api.w.org\/{rel}","templated":true}]}}