{"id":2394,"date":"2024-10-13T12:12:28","date_gmt":"2024-10-13T10:12:28","guid":{"rendered":"https:\/\/wgphoto.pl\/t\/?p=2394"},"modified":"2024-10-13T12:12:28","modified_gmt":"2024-10-13T10:12:28","slug":"troche-nowosci","status":"publish","type":"post","link":"https:\/\/wgphoto.pl\/t\/?p=2394","title":{"rendered":"Troch\u0119 nowo\u015bci"},"content":{"rendered":"\n<figure class=\"wp-block-image aligncenter size-full\"><img loading=\"lazy\" decoding=\"async\" width=\"1300\" height=\"861\" src=\"https:\/\/wgphoto.pl\/t\/wp-content\/uploads\/2024\/10\/IMGP8641.jpg\" alt=\"\" class=\"wp-image-2395\" srcset=\"https:\/\/wgphoto.pl\/t\/wp-content\/uploads\/2024\/10\/IMGP8641.jpg 1300w, https:\/\/wgphoto.pl\/t\/wp-content\/uploads\/2024\/10\/IMGP8641-300x199.jpg 300w, https:\/\/wgphoto.pl\/t\/wp-content\/uploads\/2024\/10\/IMGP8641-768x509.jpg 768w\" sizes=\"auto, (max-width: 1300px) 100vw, 1300px\" \/><\/figure>\n\n\n\n<div class=\"wp-block-group has-global-padding is-layout-constrained wp-block-group-is-layout-constrained\">\n<p>Po 15 latach wybra\u0142em si\u0119 ponownie na lini\u0119 do Luha\u010dovic, a tam mo\u017cna spotka\u0107 nawet bardziej kolorowe nurki ni\u017c dawniej &#8211; o czym oczywi\u015bcie wiedzia\u0142em. 754.012 z poci\u0105giem R882 &#8222;Slov\u00e1ck\u00fd expres&#8221; relacji Luha\u010dovice &#8211; Praha-Vr\u0161ovice na pierwszych kilometrach swojej trasy wyje\u017cd\u017ca z Polichna. Ten odcinek z ciasnym \u0142ukiem i torowiskiem tu\u017c przy drodze wygl\u0105da mocno lokalkowo. [16.08.2024]<\/p>\n<\/div>\n","protected":false},"excerpt":{"rendered":"<p>Po 15 latach wybra\u0142em si\u0119 ponownie na lini\u0119 do Luha\u010dovic, a tam mo\u017cna spotka\u0107 nawet bardziej kolorowe nurki ni\u017c dawniej &#8211; o czym oczywi\u015bcie wiedzia\u0142em. 754.012 z poci\u0105giem R882 &#8222;Slov\u00e1ck\u00fd expres&#8221; relacji Luha\u010dovice &#8211; Praha-Vr\u0161ovice na pierwszych kilometrach swojej trasy wyje\u017cd\u017ca z Polichna. Ten odcinek z ciasnym \u0142ukiem i torowiskiem tu\u017c przy drodze wygl\u0105da mocno [&hellip;]<\/p>\n","protected":false},"author":1,"featured_media":2395,"comment_status":"open","ping_status":"","sticky":false,"template":"","format":"standard","meta":{"footnotes":""},"categories":[2,5],"tags":[1241,335,50,49,553,118,1242,435],"class_list":["post-2394","post","type-post","status-publish","format-standard","has-post-thumbnail","hentry","category-kolej","category-2024r","tag-2024-08-16","tag-335","tag-cd","tag-czechy","tag-morawy-2024","tag-plany-i-profile","tag-polichno","tag-tab-cz346"],"_links":{"self":[{"href":"https:\/\/wgphoto.pl\/t\/index.php?rest_route=\/wp\/v2\/posts\/2394","targetHints":{"allow":["GET"]}}],"collection":[{"href":"https:\/\/wgphoto.pl\/t\/index.php?rest_route=\/wp\/v2\/posts"}],"about":[{"href":"https:\/\/wgphoto.pl\/t\/index.php?rest_route=\/wp\/v2\/types\/post"}],"author":[{"embeddable":true,"href":"https:\/\/wgphoto.pl\/t\/index.php?rest_route=\/wp\/v2\/users\/1"}],"replies":[{"embeddable":true,"href":"https:\/\/wgphoto.pl\/t\/index.php?rest_route=%2Fwp%2Fv2%2Fcomments&post=2394"}],"version-history":[{"count":1,"href":"https:\/\/wgphoto.pl\/t\/index.php?rest_route=\/wp\/v2\/posts\/2394\/revisions"}],"predecessor-version":[{"id":2396,"href":"https:\/\/wgphoto.pl\/t\/index.php?rest_route=\/wp\/v2\/posts\/2394\/revisions\/2396"}],"wp:featuredmedia":[{"embeddable":true,"href":"https:\/\/wgphoto.pl\/t\/index.php?rest_route=\/wp\/v2\/media\/2395"}],"wp:attachment":[{"href":"https:\/\/wgphoto.pl\/t\/index.php?rest_route=%2Fwp%2Fv2%2Fmedia&parent=2394"}],"wp:term":[{"taxonomy":"category","embeddable":true,"href":"https:\/\/wgphoto.pl\/t\/index.php?rest_route=%2Fwp%2Fv2%2Fcategories&post=2394"},{"taxonomy":"post_tag","embeddable":true,"href":"https:\/\/wgphoto.pl\/t\/index.php?rest_route=%2Fwp%2Fv2%2Ftags&post=2394"}],"curies":[{"name":"wp","href":"https:\/\/api.w.org\/{rel}","templated":true}]}}