{"id":2421,"date":"2024-10-13T12:26:22","date_gmt":"2024-10-13T10:26:22","guid":{"rendered":"https:\/\/wgphoto.pl\/t\/?p=2421"},"modified":"2024-10-13T16:19:21","modified_gmt":"2024-10-13T14:19:21","slug":"w-gorach-ale-bez-gor","status":"publish","type":"post","link":"https:\/\/wgphoto.pl\/t\/?p=2421","title":{"rendered":"W g\u00f3rach, ale bez g\u00f3r"},"content":{"rendered":"\n<figure class=\"wp-block-image aligncenter size-full\"><img loading=\"lazy\" decoding=\"async\" width=\"1300\" height=\"861\" src=\"https:\/\/wgphoto.pl\/t\/wp-content\/uploads\/2024\/10\/IMGP4662.jpg\" alt=\"\" class=\"wp-image-2422\" srcset=\"https:\/\/wgphoto.pl\/t\/wp-content\/uploads\/2024\/10\/IMGP4662.jpg 1300w, https:\/\/wgphoto.pl\/t\/wp-content\/uploads\/2024\/10\/IMGP4662-300x199.jpg 300w, https:\/\/wgphoto.pl\/t\/wp-content\/uploads\/2024\/10\/IMGP4662-768x509.jpg 768w\" sizes=\"auto, (max-width: 1300px) 100vw, 1300px\" \/><\/figure>\n\n\n\n<div class=\"wp-block-group has-global-padding is-layout-constrained wp-block-group-is-layout-constrained\">\n<p>Jednostka 405\/905.953 jako poci\u0105g osobowy 8064 wspina si\u0119 ze \u0160trby do \u0160trbsk\u00e9ho Plesa. Zazwyczaj w takim kadrze mo\u017cna z\u0142apa\u0107 tatrza\u0144skie szczyty, ale mnie si\u0119 ta sztuka nie uda\u0142a. [15.08.2019]<\/p>\n<\/div>\n","protected":false},"excerpt":{"rendered":"<p>Jednostka 405\/905.953 jako poci\u0105g osobowy 8064 wspina si\u0119 ze \u0160trby do \u0160trbsk\u00e9ho Plesa. Zazwyczaj w takim kadrze mo\u017cna z\u0142apa\u0107 tatrza\u0144skie szczyty, ale mnie si\u0119 ta sztuka nie uda\u0142a. [15.08.2019]<\/p>\n","protected":false},"author":1,"featured_media":2422,"comment_status":"open","ping_status":"","sticky":false,"template":"","format":"standard","meta":{"footnotes":""},"categories":[2,136],"tags":[1163,1257,114,113,1258,1168,675,1260,1259,1255,469],"class_list":["post-2421","post","type-post","status-publish","format-standard","has-post-thumbnail","hentry","category-kolej","category-rok-2019","tag-2019-08-15","tag-1257","tag-gory","tag-landszaft","tag-oz","tag-sierpniowka-2019","tag-slowacja","tag-strbske-pleso","tag-tatransky-lieskovec","tag-zebatka","tag-zssk"],"_links":{"self":[{"href":"https:\/\/wgphoto.pl\/t\/index.php?rest_route=\/wp\/v2\/posts\/2421","targetHints":{"allow":["GET"]}}],"collection":[{"href":"https:\/\/wgphoto.pl\/t\/index.php?rest_route=\/wp\/v2\/posts"}],"about":[{"href":"https:\/\/wgphoto.pl\/t\/index.php?rest_route=\/wp\/v2\/types\/post"}],"author":[{"embeddable":true,"href":"https:\/\/wgphoto.pl\/t\/index.php?rest_route=\/wp\/v2\/users\/1"}],"replies":[{"embeddable":true,"href":"https:\/\/wgphoto.pl\/t\/index.php?rest_route=%2Fwp%2Fv2%2Fcomments&post=2421"}],"version-history":[{"count":1,"href":"https:\/\/wgphoto.pl\/t\/index.php?rest_route=\/wp\/v2\/posts\/2421\/revisions"}],"predecessor-version":[{"id":2423,"href":"https:\/\/wgphoto.pl\/t\/index.php?rest_route=\/wp\/v2\/posts\/2421\/revisions\/2423"}],"wp:featuredmedia":[{"embeddable":true,"href":"https:\/\/wgphoto.pl\/t\/index.php?rest_route=\/wp\/v2\/media\/2422"}],"wp:attachment":[{"href":"https:\/\/wgphoto.pl\/t\/index.php?rest_route=%2Fwp%2Fv2%2Fmedia&parent=2421"}],"wp:term":[{"taxonomy":"category","embeddable":true,"href":"https:\/\/wgphoto.pl\/t\/index.php?rest_route=%2Fwp%2Fv2%2Fcategories&post=2421"},{"taxonomy":"post_tag","embeddable":true,"href":"https:\/\/wgphoto.pl\/t\/index.php?rest_route=%2Fwp%2Fv2%2Ftags&post=2421"}],"curies":[{"name":"wp","href":"https:\/\/api.w.org\/{rel}","templated":true}]}}