{"id":2427,"date":"2024-10-13T12:28:26","date_gmt":"2024-10-13T10:28:26","guid":{"rendered":"https:\/\/wgphoto.pl\/t\/?p=2427"},"modified":"2024-10-13T16:18:30","modified_gmt":"2024-10-13T14:18:30","slug":"fahrdrahthohe","status":"publish","type":"post","link":"https:\/\/wgphoto.pl\/t\/?p=2427","title":{"rendered":"Fahrdrahth\u00f6he"},"content":{"rendered":"\n<figure class=\"wp-block-image aligncenter size-full\"><img loading=\"lazy\" decoding=\"async\" width=\"1300\" height=\"861\" src=\"https:\/\/wgphoto.pl\/t\/wp-content\/uploads\/2024\/10\/IMGP6630.jpg\" alt=\"\" class=\"wp-image-2428\" srcset=\"https:\/\/wgphoto.pl\/t\/wp-content\/uploads\/2024\/10\/IMGP6630.jpg 1300w, https:\/\/wgphoto.pl\/t\/wp-content\/uploads\/2024\/10\/IMGP6630-300x199.jpg 300w, https:\/\/wgphoto.pl\/t\/wp-content\/uploads\/2024\/10\/IMGP6630-768x509.jpg 768w\" sizes=\"auto, (max-width: 1300px) 100vw, 1300px\" \/><\/figure>\n\n\n\n<div class=\"wp-block-group has-global-padding is-layout-constrained wp-block-group-is-layout-constrained\">\n<p>Wiede\u0144, Stromstra\u00dfe, ULF nr 2 zje\u017cd\u017ca pod wiadukt kolejowy. Niezmiennie mnie zadziwia numeracja ULF-\u00f3w zaczynaj\u0105ca si\u0119 od 1, w przedsi\u0119biorstwie posiadaj\u0105cym na stanie tysi\u0105ce jednostek taborowych. [16.08.2014]<\/p>\n<\/div>\n","protected":false},"excerpt":{"rendered":"<p>Wiede\u0144, Stromstra\u00dfe, ULF nr 2 zje\u017cd\u017ca pod wiadukt kolejowy. Niezmiennie mnie zadziwia numeracja ULF-\u00f3w zaczynaj\u0105ca si\u0119 od 1, w przedsi\u0119biorstwie posiadaj\u0105cym na stanie tysi\u0105ce jednostek taborowych. [16.08.2014]<\/p>\n","protected":false},"author":1,"featured_media":2428,"comment_status":"open","ping_status":"","sticky":false,"template":"","format":"standard","meta":{"footnotes":""},"categories":[48,3],"tags":[1299,9,230,271,97,98],"class_list":["post-2427","post","type-post","status-publish","format-standard","has-post-thumbnail","hentry","category-rok-2014","category-tramwaj","tag-2014-08-16","tag-austria","tag-infrastruktura","tag-ulf","tag-wieden","tag-wiener-linien"],"_links":{"self":[{"href":"https:\/\/wgphoto.pl\/t\/index.php?rest_route=\/wp\/v2\/posts\/2427","targetHints":{"allow":["GET"]}}],"collection":[{"href":"https:\/\/wgphoto.pl\/t\/index.php?rest_route=\/wp\/v2\/posts"}],"about":[{"href":"https:\/\/wgphoto.pl\/t\/index.php?rest_route=\/wp\/v2\/types\/post"}],"author":[{"embeddable":true,"href":"https:\/\/wgphoto.pl\/t\/index.php?rest_route=\/wp\/v2\/users\/1"}],"replies":[{"embeddable":true,"href":"https:\/\/wgphoto.pl\/t\/index.php?rest_route=%2Fwp%2Fv2%2Fcomments&post=2427"}],"version-history":[{"count":1,"href":"https:\/\/wgphoto.pl\/t\/index.php?rest_route=\/wp\/v2\/posts\/2427\/revisions"}],"predecessor-version":[{"id":2429,"href":"https:\/\/wgphoto.pl\/t\/index.php?rest_route=\/wp\/v2\/posts\/2427\/revisions\/2429"}],"wp:featuredmedia":[{"embeddable":true,"href":"https:\/\/wgphoto.pl\/t\/index.php?rest_route=\/wp\/v2\/media\/2428"}],"wp:attachment":[{"href":"https:\/\/wgphoto.pl\/t\/index.php?rest_route=%2Fwp%2Fv2%2Fmedia&parent=2427"}],"wp:term":[{"taxonomy":"category","embeddable":true,"href":"https:\/\/wgphoto.pl\/t\/index.php?rest_route=%2Fwp%2Fv2%2Fcategories&post=2427"},{"taxonomy":"post_tag","embeddable":true,"href":"https:\/\/wgphoto.pl\/t\/index.php?rest_route=%2Fwp%2Fv2%2Ftags&post=2427"}],"curies":[{"name":"wp","href":"https:\/\/api.w.org\/{rel}","templated":true}]}}