{"id":243,"date":"2024-09-28T19:16:49","date_gmt":"2024-09-28T17:16:49","guid":{"rendered":"https:\/\/wgphoto.pl\/t\/?p=243"},"modified":"2024-10-06T21:51:52","modified_gmt":"2024-10-06T19:51:52","slug":"marciszow-dzienny","status":"publish","type":"post","link":"https:\/\/wgphoto.pl\/t\/?p=243","title":{"rendered":"Marcisz\u00f3w dzienny"},"content":{"rendered":"\n<figure class=\"wp-block-image aligncenter size-full\"><img loading=\"lazy\" decoding=\"async\" width=\"600\" height=\"851\" src=\"https:\/\/wgphoto.pl\/t\/wp-content\/uploads\/0402-18.jpg\" alt=\"\" class=\"wp-image-244\" srcset=\"https:\/\/wgphoto.pl\/t\/wp-content\/uploads\/0402-18.jpg 600w, https:\/\/wgphoto.pl\/t\/wp-content\/uploads\/0402-18-212x300.jpg 212w\" sizes=\"auto, (max-width: 600px) 100vw, 600px\" \/><\/figure>\n\n\n\n<div class=\"wp-block-group has-global-padding is-layout-constrained wp-block-group-is-layout-constrained\">\n<p class=\"has-text-align-left\">SU46-054 z poc. 63520 &#8222;\u015anie\u017cka&#8221; rel. Jelenia G\u00f3ra &#8211; Krak\u00f3w G\u0142. zatrzymuje si\u0119 w Marciszowie. Niby takie nic pope\u0142nione &#8222;na wsiadanego&#8221; a jednak ca\u0142kiem nie\u017ale pokazuje poniemieck\u0105 infrastruktur\u0119 (z przedwojennym s\u0142upem trakcyjnym w\u0142\u0080\u009a\u0105cznie). [09.02.2004]<\/p>\n<\/div>\n","protected":false},"excerpt":{"rendered":"<p>SU46-054 z poc. 63520 &#8222;\u015anie\u017cka&#8221; rel. Jelenia G\u00f3ra &#8211; Krak\u00f3w G\u0142. zatrzymuje si\u0119 w Marciszowie. Niby takie nic pope\u0142nione &#8222;na wsiadanego&#8221; a jednak ca\u0142kiem nie\u017ale pokazuje poniemieck\u0105 infrastruktur\u0119 (z przedwojennym s\u0142upem trakcyjnym w\u0142\u0080\u009a\u0105cznie). [09.02.2004]<\/p>\n","protected":false},"author":1,"featured_media":244,"comment_status":"open","ping_status":"","sticky":false,"template":"","format":"standard","meta":{"footnotes":""},"categories":[62,2,128,61],"tags":[85,83,24,63,27,84,627],"class_list":["post-243","post","type-post","status-publish","format-standard","has-post-thumbnail","hentry","category-analog","category-kolej","category-pionowe","category-rok-2004","tag-2004-02-09","tag-marciszow","tag-perony","tag-pkp","tag-polska","tag-su46","tag-tab-pl247"],"_links":{"self":[{"href":"https:\/\/wgphoto.pl\/t\/index.php?rest_route=\/wp\/v2\/posts\/243","targetHints":{"allow":["GET"]}}],"collection":[{"href":"https:\/\/wgphoto.pl\/t\/index.php?rest_route=\/wp\/v2\/posts"}],"about":[{"href":"https:\/\/wgphoto.pl\/t\/index.php?rest_route=\/wp\/v2\/types\/post"}],"author":[{"embeddable":true,"href":"https:\/\/wgphoto.pl\/t\/index.php?rest_route=\/wp\/v2\/users\/1"}],"replies":[{"embeddable":true,"href":"https:\/\/wgphoto.pl\/t\/index.php?rest_route=%2Fwp%2Fv2%2Fcomments&post=243"}],"version-history":[{"count":3,"href":"https:\/\/wgphoto.pl\/t\/index.php?rest_route=\/wp\/v2\/posts\/243\/revisions"}],"predecessor-version":[{"id":452,"href":"https:\/\/wgphoto.pl\/t\/index.php?rest_route=\/wp\/v2\/posts\/243\/revisions\/452"}],"wp:featuredmedia":[{"embeddable":true,"href":"https:\/\/wgphoto.pl\/t\/index.php?rest_route=\/wp\/v2\/media\/244"}],"wp:attachment":[{"href":"https:\/\/wgphoto.pl\/t\/index.php?rest_route=%2Fwp%2Fv2%2Fmedia&parent=243"}],"wp:term":[{"taxonomy":"category","embeddable":true,"href":"https:\/\/wgphoto.pl\/t\/index.php?rest_route=%2Fwp%2Fv2%2Fcategories&post=243"},{"taxonomy":"post_tag","embeddable":true,"href":"https:\/\/wgphoto.pl\/t\/index.php?rest_route=%2Fwp%2Fv2%2Ftags&post=243"}],"curies":[{"name":"wp","href":"https:\/\/api.w.org\/{rel}","templated":true}]}}