{"id":2430,"date":"2024-10-13T12:29:29","date_gmt":"2024-10-13T10:29:29","guid":{"rendered":"https:\/\/wgphoto.pl\/t\/?p=2430"},"modified":"2024-10-13T16:18:04","modified_gmt":"2024-10-13T14:18:04","slug":"olomuniecki-sky-tower","status":"publish","type":"post","link":"https:\/\/wgphoto.pl\/t\/?p=2430","title":{"rendered":"O\u0142omuniecki Sky Tower"},"content":{"rendered":"\n<figure class=\"wp-block-image aligncenter size-full\"><img loading=\"lazy\" decoding=\"async\" width=\"1143\" height=\"1000\" src=\"https:\/\/wgphoto.pl\/t\/wp-content\/uploads\/2024\/10\/IMGP2624-3.jpg\" alt=\"\" class=\"wp-image-2431\" srcset=\"https:\/\/wgphoto.pl\/t\/wp-content\/uploads\/2024\/10\/IMGP2624-3.jpg 1143w, https:\/\/wgphoto.pl\/t\/wp-content\/uploads\/2024\/10\/IMGP2624-3-300x262.jpg 300w, https:\/\/wgphoto.pl\/t\/wp-content\/uploads\/2024\/10\/IMGP2624-3-768x672.jpg 768w\" sizes=\"auto, (max-width: 1143px) 100vw, 1143px\" \/><\/figure>\n\n\n\n<div class=\"wp-block-group has-global-padding is-layout-constrained wp-block-group-is-layout-constrained\">\n<p>O\u0142omuniec, T\u0159. Kosmonaut\u016f. Vario LFR.S 241 mija zabudowania MV\u0160O &#8211; Morawskiej Wy\u017cszej Szko\u0142y O\u0142omuniec. [15.08.2017]<\/p>\n<\/div>\n","protected":false},"excerpt":{"rendered":"<p>O\u0142omuniec, T\u0159. Kosmonaut\u016f. Vario LFR.S 241 mija zabudowania MV\u0160O &#8211; Morawskiej Wy\u017cszej Szko\u0142y O\u0142omuniec. [15.08.2017]<\/p>\n","protected":false},"author":1,"featured_media":2431,"comment_status":"open","ping_status":"","sticky":false,"template":"","format":"standard","meta":{"footnotes":""},"categories":[368,3],"tags":[1298,34,49,1013,1012,1243],"class_list":["post-2430","post","type-post","status-publish","format-standard","has-post-thumbnail","hentry","category-rok-2017","category-tramwaj","tag-2017-08-15","tag-architektura","tag-czechy","tag-dpmo-olomouc","tag-olomuniec","tag-vario-lf"],"_links":{"self":[{"href":"https:\/\/wgphoto.pl\/t\/index.php?rest_route=\/wp\/v2\/posts\/2430","targetHints":{"allow":["GET"]}}],"collection":[{"href":"https:\/\/wgphoto.pl\/t\/index.php?rest_route=\/wp\/v2\/posts"}],"about":[{"href":"https:\/\/wgphoto.pl\/t\/index.php?rest_route=\/wp\/v2\/types\/post"}],"author":[{"embeddable":true,"href":"https:\/\/wgphoto.pl\/t\/index.php?rest_route=\/wp\/v2\/users\/1"}],"replies":[{"embeddable":true,"href":"https:\/\/wgphoto.pl\/t\/index.php?rest_route=%2Fwp%2Fv2%2Fcomments&post=2430"}],"version-history":[{"count":1,"href":"https:\/\/wgphoto.pl\/t\/index.php?rest_route=\/wp\/v2\/posts\/2430\/revisions"}],"predecessor-version":[{"id":2432,"href":"https:\/\/wgphoto.pl\/t\/index.php?rest_route=\/wp\/v2\/posts\/2430\/revisions\/2432"}],"wp:featuredmedia":[{"embeddable":true,"href":"https:\/\/wgphoto.pl\/t\/index.php?rest_route=\/wp\/v2\/media\/2431"}],"wp:attachment":[{"href":"https:\/\/wgphoto.pl\/t\/index.php?rest_route=%2Fwp%2Fv2%2Fmedia&parent=2430"}],"wp:term":[{"taxonomy":"category","embeddable":true,"href":"https:\/\/wgphoto.pl\/t\/index.php?rest_route=%2Fwp%2Fv2%2Fcategories&post=2430"},{"taxonomy":"post_tag","embeddable":true,"href":"https:\/\/wgphoto.pl\/t\/index.php?rest_route=%2Fwp%2Fv2%2Ftags&post=2430"}],"curies":[{"name":"wp","href":"https:\/\/api.w.org\/{rel}","templated":true}]}}