{"id":2436,"date":"2024-10-13T12:31:28","date_gmt":"2024-10-13T10:31:28","guid":{"rendered":"https:\/\/wgphoto.pl\/t\/?p=2436"},"modified":"2024-10-13T12:31:28","modified_gmt":"2024-10-13T10:31:28","slug":"lobeda-ost","status":"publish","type":"post","link":"https:\/\/wgphoto.pl\/t\/?p=2436","title":{"rendered":"Lobeda-Ost"},"content":{"rendered":"\n<figure class=\"wp-block-image aligncenter size-full\"><img loading=\"lazy\" decoding=\"async\" width=\"750\" height=\"1000\" src=\"https:\/\/wgphoto.pl\/t\/wp-content\/uploads\/2024\/10\/IMGP6486.jpg\" alt=\"\" class=\"wp-image-2437\" srcset=\"https:\/\/wgphoto.pl\/t\/wp-content\/uploads\/2024\/10\/IMGP6486.jpg 750w, https:\/\/wgphoto.pl\/t\/wp-content\/uploads\/2024\/10\/IMGP6486-225x300.jpg 225w\" sizes=\"auto, (max-width: 750px) 100vw, 750px\" \/><\/figure>\n\n\n\n<div class=\"wp-block-group has-global-padding is-layout-constrained wp-block-group-is-layout-constrained\">\n<p>Jena, Erlanger Allee. GT6M-ZR 605 (obecnie \u0142\u00f3dzki 2498) za chwil\u0119 dotrze do \u015blepego kra\u0144ca na tytu\u0142owym osiedlu. [16.08.2016]<\/p>\n<\/div>\n","protected":false},"excerpt":{"rendered":"<p>Jena, Erlanger Allee. GT6M-ZR 605 (obecnie \u0142\u00f3dzki 2498) za chwil\u0119 dotrze do \u015blepego kra\u0144ca na tytu\u0142owym osiedlu. [16.08.2016]<\/p>\n","protected":false},"author":1,"featured_media":2437,"comment_status":"open","ping_status":"","sticky":false,"template":"","format":"standard","meta":{"footnotes":""},"categories":[128,125,3],"tags":[1263,34,1265,1264,1266,23],"class_list":["post-2436","post","type-post","status-publish","format-standard","has-post-thumbnail","hentry","category-pionowe","category-rok-2016","category-tramwaj","tag-2016-08-16","tag-architektura","tag-gtxn","tag-jena","tag-jenah-jena","tag-niemcy"],"_links":{"self":[{"href":"https:\/\/wgphoto.pl\/t\/index.php?rest_route=\/wp\/v2\/posts\/2436","targetHints":{"allow":["GET"]}}],"collection":[{"href":"https:\/\/wgphoto.pl\/t\/index.php?rest_route=\/wp\/v2\/posts"}],"about":[{"href":"https:\/\/wgphoto.pl\/t\/index.php?rest_route=\/wp\/v2\/types\/post"}],"author":[{"embeddable":true,"href":"https:\/\/wgphoto.pl\/t\/index.php?rest_route=\/wp\/v2\/users\/1"}],"replies":[{"embeddable":true,"href":"https:\/\/wgphoto.pl\/t\/index.php?rest_route=%2Fwp%2Fv2%2Fcomments&post=2436"}],"version-history":[{"count":1,"href":"https:\/\/wgphoto.pl\/t\/index.php?rest_route=\/wp\/v2\/posts\/2436\/revisions"}],"predecessor-version":[{"id":2438,"href":"https:\/\/wgphoto.pl\/t\/index.php?rest_route=\/wp\/v2\/posts\/2436\/revisions\/2438"}],"wp:featuredmedia":[{"embeddable":true,"href":"https:\/\/wgphoto.pl\/t\/index.php?rest_route=\/wp\/v2\/media\/2437"}],"wp:attachment":[{"href":"https:\/\/wgphoto.pl\/t\/index.php?rest_route=%2Fwp%2Fv2%2Fmedia&parent=2436"}],"wp:term":[{"taxonomy":"category","embeddable":true,"href":"https:\/\/wgphoto.pl\/t\/index.php?rest_route=%2Fwp%2Fv2%2Fcategories&post=2436"},{"taxonomy":"post_tag","embeddable":true,"href":"https:\/\/wgphoto.pl\/t\/index.php?rest_route=%2Fwp%2Fv2%2Ftags&post=2436"}],"curies":[{"name":"wp","href":"https:\/\/api.w.org\/{rel}","templated":true}]}}