{"id":2442,"date":"2024-10-13T12:33:30","date_gmt":"2024-10-13T10:33:30","guid":{"rendered":"https:\/\/wgphoto.pl\/t\/?p=2442"},"modified":"2025-07-30T00:51:02","modified_gmt":"2025-07-29T22:51:02","slug":"kolor-przewodni","status":"publish","type":"post","link":"https:\/\/wgphoto.pl\/t\/?p=2442","title":{"rendered":"Kolor przewodni"},"content":{"rendered":"\n<figure class=\"wp-block-image aligncenter size-full\"><img loading=\"lazy\" decoding=\"async\" width=\"1300\" height=\"861\" src=\"https:\/\/wgphoto.pl\/t\/wp-content\/uploads\/2024\/10\/IMGP6256.jpg\" alt=\"\" class=\"wp-image-2443\" srcset=\"https:\/\/wgphoto.pl\/t\/wp-content\/uploads\/2024\/10\/IMGP6256.jpg 1300w, https:\/\/wgphoto.pl\/t\/wp-content\/uploads\/2024\/10\/IMGP6256-300x199.jpg 300w, https:\/\/wgphoto.pl\/t\/wp-content\/uploads\/2024\/10\/IMGP6256-768x509.jpg 768w\" sizes=\"auto, (max-width: 1300px) 100vw, 1300px\" \/><\/figure>\n\n\n\n<div class=\"wp-block-group has-global-padding is-layout-constrained wp-block-group-is-layout-constrained\">\n<p>Traxx trzeciej generacji 388.211 z poci\u0105giem RJ 1003 z Pragi do Koszyc na odcinku \u0160trba &#8211; \u0160trba zast\u00e1vka. To kolejna ods\u0142ona znanego landszaftu, tym razem z \u017c\u00f3\u0142tymi akcentami na szynach i na \u0142\u0105ce. [01.05.2024]<\/p>\n<\/div>\n","protected":false},"excerpt":{"rendered":"<p>Traxx trzeciej generacji 388.211 z poci\u0105giem RJ 1003 z Pragi do Koszyc na odcinku \u0160trba &#8211; \u0160trba zast\u00e1vka. To kolejna ods\u0142ona znanego landszaftu, tym razem z \u017c\u00f3\u0142tymi akcentami na szynach i na \u0142\u0105ce. [01.05.2024]<\/p>\n","protected":false},"author":1,"featured_media":2443,"comment_status":"open","ping_status":"","sticky":false,"template":"","format":"standard","meta":{"footnotes":""},"categories":[2,5],"tags":[1296,114,113,759,1268,675,670,673,2286,294],"class_list":["post-2442","post","type-post","status-publish","format-standard","has-post-thumbnail","hentry","category-kolej","category-2024r","tag-2024-05-01","tag-gory","tag-landszaft","tag-majowka-2024","tag-regiojet","tag-slowacja","tag-strba","tag-strba-zastavka","tag-traxx","tag-wiosna"],"_links":{"self":[{"href":"https:\/\/wgphoto.pl\/t\/index.php?rest_route=\/wp\/v2\/posts\/2442","targetHints":{"allow":["GET"]}}],"collection":[{"href":"https:\/\/wgphoto.pl\/t\/index.php?rest_route=\/wp\/v2\/posts"}],"about":[{"href":"https:\/\/wgphoto.pl\/t\/index.php?rest_route=\/wp\/v2\/types\/post"}],"author":[{"embeddable":true,"href":"https:\/\/wgphoto.pl\/t\/index.php?rest_route=\/wp\/v2\/users\/1"}],"replies":[{"embeddable":true,"href":"https:\/\/wgphoto.pl\/t\/index.php?rest_route=%2Fwp%2Fv2%2Fcomments&post=2442"}],"version-history":[{"count":1,"href":"https:\/\/wgphoto.pl\/t\/index.php?rest_route=\/wp\/v2\/posts\/2442\/revisions"}],"predecessor-version":[{"id":2444,"href":"https:\/\/wgphoto.pl\/t\/index.php?rest_route=\/wp\/v2\/posts\/2442\/revisions\/2444"}],"wp:featuredmedia":[{"embeddable":true,"href":"https:\/\/wgphoto.pl\/t\/index.php?rest_route=\/wp\/v2\/media\/2443"}],"wp:attachment":[{"href":"https:\/\/wgphoto.pl\/t\/index.php?rest_route=%2Fwp%2Fv2%2Fmedia&parent=2442"}],"wp:term":[{"taxonomy":"category","embeddable":true,"href":"https:\/\/wgphoto.pl\/t\/index.php?rest_route=%2Fwp%2Fv2%2Fcategories&post=2442"},{"taxonomy":"post_tag","embeddable":true,"href":"https:\/\/wgphoto.pl\/t\/index.php?rest_route=%2Fwp%2Fv2%2Ftags&post=2442"}],"curies":[{"name":"wp","href":"https:\/\/api.w.org\/{rel}","templated":true}]}}