{"id":24436,"date":"2026-08-31T20:05:11","date_gmt":"2026-08-31T18:05:11","guid":{"rendered":"https:\/\/wgphoto.pl\/t\/?p=24436"},"modified":"2026-08-31T20:05:46","modified_gmt":"2026-08-31T18:05:46","slug":"orzysz","status":"publish","type":"post","link":"https:\/\/wgphoto.pl\/t\/?p=24436","title":{"rendered":"Orzysz"},"content":{"rendered":"\n<figure class=\"wp-block-image aligncenter size-full\"><img loading=\"lazy\" decoding=\"async\" width=\"1500\" height=\"1004\" src=\"https:\/\/wgphoto.pl\/t\/wp-content\/uploads\/2026\/08\/IMGP6900.jpg\" alt=\"\" class=\"wp-image-24437\" srcset=\"https:\/\/wgphoto.pl\/t\/wp-content\/uploads\/2026\/08\/IMGP6900.jpg 1500w, https:\/\/wgphoto.pl\/t\/wp-content\/uploads\/2026\/08\/IMGP6900-300x201.jpg 300w, https:\/\/wgphoto.pl\/t\/wp-content\/uploads\/2026\/08\/IMGP6900-768x514.jpg 768w\" sizes=\"auto, (max-width: 1500px) 100vw, 1500px\" \/><\/figure>\n\n\n\n<div class=\"wp-block-group has-global-padding is-layout-constrained wp-block-group-is-layout-constrained\">\n<p class=\"wp-block-paragraph\">Poci\u0105g osobowy 98221 relacji Olsztyn G\u0142. &#8211; E\u0142k, w sk\u0142adzie SA106-008+Bh, zaraz odjedzie ze stacji Orzysz. Jeden z bodaj czterech poci\u0105g\u00f3w w dobie (pod dwa w ka\u017cdym kierunku) w\u015br\u00f3d podr\u00f3\u017cnych wzbudzi\u0142 zainteresowanie niewsp\u00f3\u0142miernie wysokie wzgl\u0119dem oferty. W tym &#8222;t\u0142umie&#8221; zakamuflowali si\u0119 tak\u017ce obaj wsp\u00f3\u0142foci\u015bci. 13.07.2009<\/p>\n<\/div>\n","protected":false},"excerpt":{"rendered":"<p>Poci\u0105g osobowy 98221 relacji Olsztyn G\u0142. &#8211; E\u0142k, w sk\u0142adzie SA106-008+Bh, zaraz odjedzie ze stacji Orzysz. Jeden z bodaj czterech poci\u0105g\u00f3w w dobie (pod dwa w ka\u017cdym kierunku) w\u015br\u00f3d podr\u00f3\u017cnych wzbudzi\u0142 zainteresowanie niewsp\u00f3\u0142miernie wysokie wzgl\u0119dem oferty. W tym &#8222;t\u0142umie&#8221; zakamuflowali si\u0119 tak\u017ce obaj wsp\u00f3\u0142foci\u015bci. 13.07.2009<\/p>\n","protected":false},"author":1,"featured_media":24437,"comment_status":"open","ping_status":"","sticky":false,"template":"","format":"standard","meta":{"footnotes":""},"categories":[2,169],"tags":[541,173,151,4911,63,27,2735,53,539,265,533],"class_list":["post-24436","post","type-post","status-publish","format-standard","has-post-thumbnail","hentry","category-kolej","category-rok-2009","tag-2009-07-13","tag-koncowki","tag-ludzie","tag-orzysz","tag-pkp","tag-polska","tag-sa106","tag-sygnalizacja-ksztaltowa","tag-tab-pl514","tag-wagon","tag-z-sokolki-do-mlynar-2009"],"_links":{"self":[{"href":"https:\/\/wgphoto.pl\/t\/index.php?rest_route=\/wp\/v2\/posts\/24436","targetHints":{"allow":["GET"]}}],"collection":[{"href":"https:\/\/wgphoto.pl\/t\/index.php?rest_route=\/wp\/v2\/posts"}],"about":[{"href":"https:\/\/wgphoto.pl\/t\/index.php?rest_route=\/wp\/v2\/types\/post"}],"author":[{"embeddable":true,"href":"https:\/\/wgphoto.pl\/t\/index.php?rest_route=\/wp\/v2\/users\/1"}],"replies":[{"embeddable":true,"href":"https:\/\/wgphoto.pl\/t\/index.php?rest_route=%2Fwp%2Fv2%2Fcomments&post=24436"}],"version-history":[{"count":2,"href":"https:\/\/wgphoto.pl\/t\/index.php?rest_route=\/wp\/v2\/posts\/24436\/revisions"}],"predecessor-version":[{"id":24439,"href":"https:\/\/wgphoto.pl\/t\/index.php?rest_route=\/wp\/v2\/posts\/24436\/revisions\/24439"}],"wp:featuredmedia":[{"embeddable":true,"href":"https:\/\/wgphoto.pl\/t\/index.php?rest_route=\/wp\/v2\/media\/24437"}],"wp:attachment":[{"href":"https:\/\/wgphoto.pl\/t\/index.php?rest_route=%2Fwp%2Fv2%2Fmedia&parent=24436"}],"wp:term":[{"taxonomy":"category","embeddable":true,"href":"https:\/\/wgphoto.pl\/t\/index.php?rest_route=%2Fwp%2Fv2%2Fcategories&post=24436"},{"taxonomy":"post_tag","embeddable":true,"href":"https:\/\/wgphoto.pl\/t\/index.php?rest_route=%2Fwp%2Fv2%2Ftags&post=24436"}],"curies":[{"name":"wp","href":"https:\/\/api.w.org\/{rel}","templated":true}]}}