{"id":24441,"date":"2026-09-04T18:40:35","date_gmt":"2026-09-04T16:40:35","guid":{"rendered":"https:\/\/wgphoto.pl\/t\/?p=24441"},"modified":"2026-09-04T18:40:35","modified_gmt":"2026-09-04T16:40:35","slug":"po-zachodzie","status":"publish","type":"post","link":"https:\/\/wgphoto.pl\/t\/?p=24441","title":{"rendered":"Po zachodzie"},"content":{"rendered":"\n<figure class=\"wp-block-image aligncenter size-full\"><img loading=\"lazy\" decoding=\"async\" width=\"1500\" height=\"1004\" src=\"https:\/\/wgphoto.pl\/t\/wp-content\/uploads\/2026\/09\/IMGP6947.jpg\" alt=\"\" class=\"wp-image-24442\" srcset=\"https:\/\/wgphoto.pl\/t\/wp-content\/uploads\/2026\/09\/IMGP6947.jpg 1500w, https:\/\/wgphoto.pl\/t\/wp-content\/uploads\/2026\/09\/IMGP6947-300x201.jpg 300w, https:\/\/wgphoto.pl\/t\/wp-content\/uploads\/2026\/09\/IMGP6947-768x514.jpg 768w\" sizes=\"auto, (max-width: 1500px) 100vw, 1500px\" \/><\/figure>\n\n\n\n<div class=\"wp-block-group has-global-padding is-layout-constrained wp-block-group-is-layout-constrained\">\n<p class=\"wp-block-paragraph\">SU45-175 najprawdopodobniej z pospiesznym 56501 &#8222;Niegocin&#8221; z E\u0142ku do Wroc\u0142awia wje\u017cd\u017ca ju\u017c po zachodzie s\u0142o\u0144ca do K\u0119trzyna. 13.07.2009<\/p>\n<\/div>\n","protected":false},"excerpt":{"rendered":"<p>SU45-175 najprawdopodobniej z pospiesznym 56501 &#8222;Niegocin&#8221; z E\u0142ku do Wroc\u0142awia wje\u017cd\u017ca ju\u017c po zachodzie s\u0142o\u0144ca do K\u0119trzyna. 13.07.2009<\/p>\n","protected":false},"author":1,"featured_media":24442,"comment_status":"open","ping_status":"","sticky":false,"template":"","format":"standard","meta":{"footnotes":""},"categories":[2,169],"tags":[541,91,2794,63,27,290,53,322,90,533],"class_list":["post-24441","post","type-post","status-publish","format-standard","has-post-thumbnail","hentry","category-kolej","category-rok-2009","tag-2009-07-13","tag-blue-hour","tag-ketrzyn","tag-pkp","tag-polska","tag-su45","tag-sygnalizacja-ksztaltowa","tag-tab-pl510","tag-wieczorem","tag-z-sokolki-do-mlynar-2009"],"_links":{"self":[{"href":"https:\/\/wgphoto.pl\/t\/index.php?rest_route=\/wp\/v2\/posts\/24441","targetHints":{"allow":["GET"]}}],"collection":[{"href":"https:\/\/wgphoto.pl\/t\/index.php?rest_route=\/wp\/v2\/posts"}],"about":[{"href":"https:\/\/wgphoto.pl\/t\/index.php?rest_route=\/wp\/v2\/types\/post"}],"author":[{"embeddable":true,"href":"https:\/\/wgphoto.pl\/t\/index.php?rest_route=\/wp\/v2\/users\/1"}],"replies":[{"embeddable":true,"href":"https:\/\/wgphoto.pl\/t\/index.php?rest_route=%2Fwp%2Fv2%2Fcomments&post=24441"}],"version-history":[{"count":1,"href":"https:\/\/wgphoto.pl\/t\/index.php?rest_route=\/wp\/v2\/posts\/24441\/revisions"}],"predecessor-version":[{"id":24443,"href":"https:\/\/wgphoto.pl\/t\/index.php?rest_route=\/wp\/v2\/posts\/24441\/revisions\/24443"}],"wp:featuredmedia":[{"embeddable":true,"href":"https:\/\/wgphoto.pl\/t\/index.php?rest_route=\/wp\/v2\/media\/24442"}],"wp:attachment":[{"href":"https:\/\/wgphoto.pl\/t\/index.php?rest_route=%2Fwp%2Fv2%2Fmedia&parent=24441"}],"wp:term":[{"taxonomy":"category","embeddable":true,"href":"https:\/\/wgphoto.pl\/t\/index.php?rest_route=%2Fwp%2Fv2%2Fcategories&post=24441"},{"taxonomy":"post_tag","embeddable":true,"href":"https:\/\/wgphoto.pl\/t\/index.php?rest_route=%2Fwp%2Fv2%2Ftags&post=24441"}],"curies":[{"name":"wp","href":"https:\/\/api.w.org\/{rel}","templated":true}]}}