{"id":24447,"date":"2026-09-04T18:42:26","date_gmt":"2026-09-04T16:42:26","guid":{"rendered":"https:\/\/wgphoto.pl\/t\/?p=24447"},"modified":"2026-09-04T18:42:26","modified_gmt":"2026-09-04T16:42:26","slug":"mistrzowskie-stopiatki","status":"publish","type":"post","link":"https:\/\/wgphoto.pl\/t\/?p=24447","title":{"rendered":"Mistrzowskie stopi\u0105tki"},"content":{"rendered":"\n<figure class=\"wp-block-image aligncenter size-full\"><img loading=\"lazy\" decoding=\"async\" width=\"1500\" height=\"994\" src=\"https:\/\/wgphoto.pl\/t\/wp-content\/uploads\/2026\/09\/IMGP7319.jpg\" alt=\"\" class=\"wp-image-24448\" srcset=\"https:\/\/wgphoto.pl\/t\/wp-content\/uploads\/2026\/09\/IMGP7319.jpg 1500w, https:\/\/wgphoto.pl\/t\/wp-content\/uploads\/2026\/09\/IMGP7319-300x199.jpg 300w, https:\/\/wgphoto.pl\/t\/wp-content\/uploads\/2026\/09\/IMGP7319-768x509.jpg 768w\" sizes=\"auto, (max-width: 1500px) 100vw, 1500px\" \/><\/figure>\n\n\n\n<div class=\"wp-block-group has-global-padding is-layout-constrained wp-block-group-is-layout-constrained\">\n<p class=\"wp-block-paragraph\">Wroc\u0142aw, p\u0119tla Zoo, 105NWr 2208+2209. Linia T4 zwi\u0119ksza\u0142a w\u00f3wczas poda\u017c na dowozie do Hali Stulecia, gdzie odbywa\u0142y si\u0119 mistrzostwa \u015bwiata w siatk\u00f3wce m\u0119\u017cczyzn. 02.09.2014<\/p>\n<\/div>\n","protected":false},"excerpt":{"rendered":"<p>Wroc\u0142aw, p\u0119tla Zoo, 105NWr 2208+2209. Linia T4 zwi\u0119ksza\u0142a w\u00f3wczas poda\u017c na dowozie do Hali Stulecia, gdzie odbywa\u0142y si\u0119 mistrzostwa \u015bwiata w siatk\u00f3wce m\u0119\u017cczyzn. 02.09.2014<\/p>\n","protected":false},"author":1,"featured_media":24448,"comment_status":"open","ping_status":"","sticky":false,"template":"","format":"standard","meta":{"footnotes":""},"categories":[48,3],"tags":[43,4912,42,27,438,439,41],"class_list":["post-24447","post","type-post","status-publish","format-standard","has-post-thumbnail","hentry","category-rok-2014","category-tramwaj","tag-105nwr","tag-2014-09-02","tag-mpk-wroclaw","tag-polska","tag-portret-z-petli","tag-we-fabryce","tag-wroclaw"],"_links":{"self":[{"href":"https:\/\/wgphoto.pl\/t\/index.php?rest_route=\/wp\/v2\/posts\/24447","targetHints":{"allow":["GET"]}}],"collection":[{"href":"https:\/\/wgphoto.pl\/t\/index.php?rest_route=\/wp\/v2\/posts"}],"about":[{"href":"https:\/\/wgphoto.pl\/t\/index.php?rest_route=\/wp\/v2\/types\/post"}],"author":[{"embeddable":true,"href":"https:\/\/wgphoto.pl\/t\/index.php?rest_route=\/wp\/v2\/users\/1"}],"replies":[{"embeddable":true,"href":"https:\/\/wgphoto.pl\/t\/index.php?rest_route=%2Fwp%2Fv2%2Fcomments&post=24447"}],"version-history":[{"count":1,"href":"https:\/\/wgphoto.pl\/t\/index.php?rest_route=\/wp\/v2\/posts\/24447\/revisions"}],"predecessor-version":[{"id":24449,"href":"https:\/\/wgphoto.pl\/t\/index.php?rest_route=\/wp\/v2\/posts\/24447\/revisions\/24449"}],"wp:featuredmedia":[{"embeddable":true,"href":"https:\/\/wgphoto.pl\/t\/index.php?rest_route=\/wp\/v2\/media\/24448"}],"wp:attachment":[{"href":"https:\/\/wgphoto.pl\/t\/index.php?rest_route=%2Fwp%2Fv2%2Fmedia&parent=24447"}],"wp:term":[{"taxonomy":"category","embeddable":true,"href":"https:\/\/wgphoto.pl\/t\/index.php?rest_route=%2Fwp%2Fv2%2Fcategories&post=24447"},{"taxonomy":"post_tag","embeddable":true,"href":"https:\/\/wgphoto.pl\/t\/index.php?rest_route=%2Fwp%2Fv2%2Ftags&post=24447"}],"curies":[{"name":"wp","href":"https:\/\/api.w.org\/{rel}","templated":true}]}}