{"id":24456,"date":"2026-09-04T18:50:13","date_gmt":"2026-09-04T16:50:13","guid":{"rendered":"https:\/\/wgphoto.pl\/t\/?p=24456"},"modified":"2026-09-04T18:50:13","modified_gmt":"2026-09-04T16:50:13","slug":"elegancko","status":"publish","type":"post","link":"https:\/\/wgphoto.pl\/t\/?p=24456","title":{"rendered":"Elegancko"},"content":{"rendered":"\n<figure class=\"wp-block-image aligncenter size-full\"><img loading=\"lazy\" decoding=\"async\" width=\"1500\" height=\"1000\" src=\"https:\/\/wgphoto.pl\/t\/wp-content\/uploads\/2026\/09\/DSFN5660.jpg\" alt=\"\" class=\"wp-image-24457\" srcset=\"https:\/\/wgphoto.pl\/t\/wp-content\/uploads\/2026\/09\/DSFN5660.jpg 1500w, https:\/\/wgphoto.pl\/t\/wp-content\/uploads\/2026\/09\/DSFN5660-300x200.jpg 300w, https:\/\/wgphoto.pl\/t\/wp-content\/uploads\/2026\/09\/DSFN5660-768x512.jpg 768w\" sizes=\"auto, (max-width: 1500px) 100vw, 1500px\" \/><\/figure>\n\n\n\n<div class=\"wp-block-group has-global-padding is-layout-constrained wp-block-group-is-layout-constrained\">\n<p class=\"wp-block-paragraph\">Wroc\u0142aw, ul. Henryka Sienkiewicza, LH Standard+ND 1192+3560. Niebieski LH ju\u017c je\u017adzi od jakiego\u015b czasu, ale sfotografowa\u0142em go po raz pierwszy. W takich barwach oraz z doczep\u0105 prezentuje si\u0119 bardzo elegancko. 23.08.2026<\/p>\n<\/div>\n","protected":false},"excerpt":{"rendered":"<p>Wroc\u0142aw, ul. Henryka Sienkiewicza, LH Standard+ND 1192+3560. Niebieski LH ju\u017c je\u017adzi od jakiego\u015b czasu, ale sfotografowa\u0142em go po raz pierwszy. W takich barwach oraz z doczep\u0105 prezentuje si\u0119 bardzo elegancko. 23.08.2026<\/p>\n","protected":false},"author":1,"featured_media":24457,"comment_status":"open","ping_status":"","sticky":false,"template":"","format":"standard","meta":{"footnotes":""},"categories":[4643,3],"tags":[4914,137,2333,27,139,41],"class_list":["post-24456","post","type-post","status-publish","format-standard","has-post-thumbnail","hentry","category-rok-2026","category-tramwaj","tag-2026-08-23","tag-kstm","tag-lh-standard","tag-polska","tag-retro","tag-wroclaw"],"_links":{"self":[{"href":"https:\/\/wgphoto.pl\/t\/index.php?rest_route=\/wp\/v2\/posts\/24456","targetHints":{"allow":["GET"]}}],"collection":[{"href":"https:\/\/wgphoto.pl\/t\/index.php?rest_route=\/wp\/v2\/posts"}],"about":[{"href":"https:\/\/wgphoto.pl\/t\/index.php?rest_route=\/wp\/v2\/types\/post"}],"author":[{"embeddable":true,"href":"https:\/\/wgphoto.pl\/t\/index.php?rest_route=\/wp\/v2\/users\/1"}],"replies":[{"embeddable":true,"href":"https:\/\/wgphoto.pl\/t\/index.php?rest_route=%2Fwp%2Fv2%2Fcomments&post=24456"}],"version-history":[{"count":1,"href":"https:\/\/wgphoto.pl\/t\/index.php?rest_route=\/wp\/v2\/posts\/24456\/revisions"}],"predecessor-version":[{"id":24458,"href":"https:\/\/wgphoto.pl\/t\/index.php?rest_route=\/wp\/v2\/posts\/24456\/revisions\/24458"}],"wp:featuredmedia":[{"embeddable":true,"href":"https:\/\/wgphoto.pl\/t\/index.php?rest_route=\/wp\/v2\/media\/24457"}],"wp:attachment":[{"href":"https:\/\/wgphoto.pl\/t\/index.php?rest_route=%2Fwp%2Fv2%2Fmedia&parent=24456"}],"wp:term":[{"taxonomy":"category","embeddable":true,"href":"https:\/\/wgphoto.pl\/t\/index.php?rest_route=%2Fwp%2Fv2%2Fcategories&post=24456"},{"taxonomy":"post_tag","embeddable":true,"href":"https:\/\/wgphoto.pl\/t\/index.php?rest_route=%2Fwp%2Fv2%2Ftags&post=24456"}],"curies":[{"name":"wp","href":"https:\/\/api.w.org\/{rel}","templated":true}]}}