{"id":2457,"date":"2024-10-13T12:40:24","date_gmt":"2024-10-13T10:40:24","guid":{"rendered":"https:\/\/wgphoto.pl\/t\/?p=2457"},"modified":"2024-10-13T16:14:14","modified_gmt":"2024-10-13T14:14:14","slug":"zlote-lany","status":"publish","type":"post","link":"https:\/\/wgphoto.pl\/t\/?p=2457","title":{"rendered":"Z\u0142ote \u0142any"},"content":{"rendered":"\n<figure class=\"wp-block-image aligncenter size-full\"><img loading=\"lazy\" decoding=\"async\" width=\"1300\" height=\"847\" src=\"https:\/\/wgphoto.pl\/t\/wp-content\/uploads\/2024\/10\/0615_20_rsn.jpg\" alt=\"\" class=\"wp-image-2458\" srcset=\"https:\/\/wgphoto.pl\/t\/wp-content\/uploads\/2024\/10\/0615_20_rsn.jpg 1300w, https:\/\/wgphoto.pl\/t\/wp-content\/uploads\/2024\/10\/0615_20_rsn-300x195.jpg 300w, https:\/\/wgphoto.pl\/t\/wp-content\/uploads\/2024\/10\/0615_20_rsn-768x500.jpg 768w\" sizes=\"auto, (max-width: 1300px) 100vw, 1300px\" \/><\/figure>\n\n\n\n<div class=\"wp-block-group has-global-padding is-layout-constrained wp-block-group-is-layout-constrained\">\n<p>ET22-511 z CM Czerwie\u0144sk mija o poranku semafor wjazdowy do stacji \u0141ugi G\u00f3rzyckie. [23.07.2006]<\/p>\n<\/div>\n","protected":false},"excerpt":{"rendered":"<p>ET22-511 z CM Czerwie\u0144sk mija o poranku semafor wjazdowy do stacji \u0141ugi G\u00f3rzyckie. [23.07.2006]<\/p>\n","protected":false},"author":1,"featured_media":2458,"comment_status":"open","ping_status":"","sticky":false,"template":"","format":"standard","meta":{"footnotes":""},"categories":[62,2,130],"tags":[1294,26,1277,63,27,176,53,1071],"class_list":["post-2457","post","type-post","status-publish","format-standard","has-post-thumbnail","hentry","category-analog","category-kolej","category-rok-2006","tag-2006-07-23","tag-et22","tag-lugi-gorzyckie","tag-pkp","tag-polska","tag-rano","tag-sygnalizacja-ksztaltowa","tag-tab-pl355"],"_links":{"self":[{"href":"https:\/\/wgphoto.pl\/t\/index.php?rest_route=\/wp\/v2\/posts\/2457","targetHints":{"allow":["GET"]}}],"collection":[{"href":"https:\/\/wgphoto.pl\/t\/index.php?rest_route=\/wp\/v2\/posts"}],"about":[{"href":"https:\/\/wgphoto.pl\/t\/index.php?rest_route=\/wp\/v2\/types\/post"}],"author":[{"embeddable":true,"href":"https:\/\/wgphoto.pl\/t\/index.php?rest_route=\/wp\/v2\/users\/1"}],"replies":[{"embeddable":true,"href":"https:\/\/wgphoto.pl\/t\/index.php?rest_route=%2Fwp%2Fv2%2Fcomments&post=2457"}],"version-history":[{"count":1,"href":"https:\/\/wgphoto.pl\/t\/index.php?rest_route=\/wp\/v2\/posts\/2457\/revisions"}],"predecessor-version":[{"id":2459,"href":"https:\/\/wgphoto.pl\/t\/index.php?rest_route=\/wp\/v2\/posts\/2457\/revisions\/2459"}],"wp:featuredmedia":[{"embeddable":true,"href":"https:\/\/wgphoto.pl\/t\/index.php?rest_route=\/wp\/v2\/media\/2458"}],"wp:attachment":[{"href":"https:\/\/wgphoto.pl\/t\/index.php?rest_route=%2Fwp%2Fv2%2Fmedia&parent=2457"}],"wp:term":[{"taxonomy":"category","embeddable":true,"href":"https:\/\/wgphoto.pl\/t\/index.php?rest_route=%2Fwp%2Fv2%2Fcategories&post=2457"},{"taxonomy":"post_tag","embeddable":true,"href":"https:\/\/wgphoto.pl\/t\/index.php?rest_route=%2Fwp%2Fv2%2Ftags&post=2457"}],"curies":[{"name":"wp","href":"https:\/\/api.w.org\/{rel}","templated":true}]}}