{"id":246,"date":"2024-09-28T21:36:31","date_gmt":"2024-09-28T19:36:31","guid":{"rendered":"https:\/\/wgphoto.pl\/t\/?p=246"},"modified":"2024-09-29T18:29:43","modified_gmt":"2024-09-29T16:29:43","slug":"eso-w-ciekawym-malowaniu","status":"publish","type":"post","link":"https:\/\/wgphoto.pl\/t\/?p=246","title":{"rendered":"Eso w ciekawym malowaniu"},"content":{"rendered":"\n<figure class=\"wp-block-image aligncenter size-full\"><img loading=\"lazy\" decoding=\"async\" width=\"1300\" height=\"870\" src=\"https:\/\/wgphoto.pl\/t\/wp-content\/uploads\/20130604141950_imgp8095.jpg\" alt=\"\" class=\"wp-image-247\" srcset=\"https:\/\/wgphoto.pl\/t\/wp-content\/uploads\/20130604141950_imgp8095.jpg 1300w, https:\/\/wgphoto.pl\/t\/wp-content\/uploads\/20130604141950_imgp8095-300x201.jpg 300w, https:\/\/wgphoto.pl\/t\/wp-content\/uploads\/20130604141950_imgp8095-768x514.jpg 768w\" sizes=\"auto, (max-width: 1300px) 100vw, 1300px\" \/><\/figure>\n\n\n\n<div class=\"wp-block-group has-global-padding is-layout-constrained wp-block-group-is-layout-constrained\">\n<p class=\"has-text-align-left\">Poci\u0105g pospieszny 876 &#8222;Rudolf T\u011bsnohl\u00eddek&#8221; z Brna do Pragi zatrzymuje si\u0119 przy <em>praskim peronie<\/em> stacji \u00dast\u00ed nad Orlic\u00ed. Sk\u0142ad prowadzi maszyna 363 162-9 w ciekawym malowaniu, kt\u00f3re posiada tak\u017ce sw\u00f3j odpowiednik w odcieniach zieleni (seria 163) i czerwieni (371). Uwa\u017cny obserwator dostrze\u017ce dy\u017curnego ruchu, obserwuj\u0105cego zwyczajowo spod wiaty wjazd poci\u0105gu. [17.09.2010]<\/p>\n<\/div>\n","protected":false},"excerpt":{"rendered":"<p>Poci\u0105g pospieszny 876 &#8222;Rudolf T\u011bsnohl\u00eddek&#8221; z Brna do Pragi zatrzymuje si\u0119 przy praskim peronie stacji \u00dast\u00ed nad Orlic\u00ed. Sk\u0142ad prowadzi maszyna 363 162-9 w ciekawym malowaniu, kt\u00f3re posiada tak\u017ce sw\u00f3j odpowiednik w odcieniach zieleni (seria 163) i czerwieni (371). Uwa\u017cny obserwator dostrze\u017ce dy\u017curnego ruchu, obserwuj\u0105cego zwyczajowo spod wiaty wjazd poci\u0105gu. [17.09.2010]<\/p>\n","protected":false},"author":1,"featured_media":247,"comment_status":"open","ping_status":"","sticky":false,"template":"","format":"standard","meta":{"footnotes":""},"categories":[2,86],"tags":[88,51,50,49,87],"class_list":["post-246","post","type-post","status-publish","format-standard","has-post-thumbnail","hentry","category-kolej","category-rok-2010","tag-2010-09-17","tag-51","tag-cd","tag-czechy","tag-usti-nad-orlici"],"_links":{"self":[{"href":"https:\/\/wgphoto.pl\/t\/index.php?rest_route=\/wp\/v2\/posts\/246","targetHints":{"allow":["GET"]}}],"collection":[{"href":"https:\/\/wgphoto.pl\/t\/index.php?rest_route=\/wp\/v2\/posts"}],"about":[{"href":"https:\/\/wgphoto.pl\/t\/index.php?rest_route=\/wp\/v2\/types\/post"}],"author":[{"embeddable":true,"href":"https:\/\/wgphoto.pl\/t\/index.php?rest_route=\/wp\/v2\/users\/1"}],"replies":[{"embeddable":true,"href":"https:\/\/wgphoto.pl\/t\/index.php?rest_route=%2Fwp%2Fv2%2Fcomments&post=246"}],"version-history":[{"count":3,"href":"https:\/\/wgphoto.pl\/t\/index.php?rest_route=\/wp\/v2\/posts\/246\/revisions"}],"predecessor-version":[{"id":451,"href":"https:\/\/wgphoto.pl\/t\/index.php?rest_route=\/wp\/v2\/posts\/246\/revisions\/451"}],"wp:featuredmedia":[{"embeddable":true,"href":"https:\/\/wgphoto.pl\/t\/index.php?rest_route=\/wp\/v2\/media\/247"}],"wp:attachment":[{"href":"https:\/\/wgphoto.pl\/t\/index.php?rest_route=%2Fwp%2Fv2%2Fmedia&parent=246"}],"wp:term":[{"taxonomy":"category","embeddable":true,"href":"https:\/\/wgphoto.pl\/t\/index.php?rest_route=%2Fwp%2Fv2%2Fcategories&post=246"},{"taxonomy":"post_tag","embeddable":true,"href":"https:\/\/wgphoto.pl\/t\/index.php?rest_route=%2Fwp%2Fv2%2Ftags&post=246"}],"curies":[{"name":"wp","href":"https:\/\/api.w.org\/{rel}","templated":true}]}}