{"id":2460,"date":"2024-10-13T12:41:48","date_gmt":"2024-10-13T10:41:48","guid":{"rendered":"https:\/\/wgphoto.pl\/t\/?p=2460"},"modified":"2024-10-13T16:13:50","modified_gmt":"2024-10-13T14:13:50","slug":"pada-od-samego-rana","status":"publish","type":"post","link":"https:\/\/wgphoto.pl\/t\/?p=2460","title":{"rendered":"Pada od samego rana"},"content":{"rendered":"\n<figure class=\"wp-block-image aligncenter size-full\"><img loading=\"lazy\" decoding=\"async\" width=\"1300\" height=\"870\" src=\"https:\/\/wgphoto.pl\/t\/wp-content\/uploads\/2024\/10\/IMGP8242.jpg\" alt=\"\" class=\"wp-image-2462\" srcset=\"https:\/\/wgphoto.pl\/t\/wp-content\/uploads\/2024\/10\/IMGP8242.jpg 1300w, https:\/\/wgphoto.pl\/t\/wp-content\/uploads\/2024\/10\/IMGP8242-300x201.jpg 300w, https:\/\/wgphoto.pl\/t\/wp-content\/uploads\/2024\/10\/IMGP8242-768x514.jpg 768w\" sizes=\"auto, (max-width: 1300px) 100vw, 1300px\" \/><\/figure>\n\n\n\n<div class=\"wp-block-group has-global-padding is-layout-constrained wp-block-group-is-layout-constrained\">\n<p>SU45-018 z poci\u0105giem dodatkowym 85810 relacji Kostrzyn &#8211; Gdynia G\u0142\u00f3wna mija na biegu stacj\u0119 Strzelce Kraje\u0144skie Wsch\u00f3d. [03.08.2009]<\/p>\n<\/div>\n","protected":false},"excerpt":{"rendered":"<p>SU45-018 z poci\u0105giem dodatkowym 85810 relacji Kostrzyn &#8211; Gdynia G\u0142\u00f3wna mija na biegu stacj\u0119 Strzelce Kraje\u0144skie Wsch\u00f3d. [03.08.2009]<\/p>\n","protected":false},"author":1,"featured_media":2462,"comment_status":"open","ping_status":"","sticky":false,"template":"","format":"standard","meta":{"footnotes":""},"categories":[2,169],"tags":[799,288,13,595,63,27,800,290,53,594,1278],"class_list":["post-2460","post","type-post","status-publish","format-standard","has-post-thumbnail","hentry","category-kolej","category-rok-2009","tag-2009-08-03","tag-bipa","tag-deszcz","tag-ostbahn","tag-pkp","tag-polska","tag-strzelce-krajenskie-wschod","tag-su45","tag-sygnalizacja-ksztaltowa","tag-tab-pl345","tag-woodstock"],"_links":{"self":[{"href":"https:\/\/wgphoto.pl\/t\/index.php?rest_route=\/wp\/v2\/posts\/2460","targetHints":{"allow":["GET"]}}],"collection":[{"href":"https:\/\/wgphoto.pl\/t\/index.php?rest_route=\/wp\/v2\/posts"}],"about":[{"href":"https:\/\/wgphoto.pl\/t\/index.php?rest_route=\/wp\/v2\/types\/post"}],"author":[{"embeddable":true,"href":"https:\/\/wgphoto.pl\/t\/index.php?rest_route=\/wp\/v2\/users\/1"}],"replies":[{"embeddable":true,"href":"https:\/\/wgphoto.pl\/t\/index.php?rest_route=%2Fwp%2Fv2%2Fcomments&post=2460"}],"version-history":[{"count":1,"href":"https:\/\/wgphoto.pl\/t\/index.php?rest_route=\/wp\/v2\/posts\/2460\/revisions"}],"predecessor-version":[{"id":2463,"href":"https:\/\/wgphoto.pl\/t\/index.php?rest_route=\/wp\/v2\/posts\/2460\/revisions\/2463"}],"wp:featuredmedia":[{"embeddable":true,"href":"https:\/\/wgphoto.pl\/t\/index.php?rest_route=\/wp\/v2\/media\/2462"}],"wp:attachment":[{"href":"https:\/\/wgphoto.pl\/t\/index.php?rest_route=%2Fwp%2Fv2%2Fmedia&parent=2460"}],"wp:term":[{"taxonomy":"category","embeddable":true,"href":"https:\/\/wgphoto.pl\/t\/index.php?rest_route=%2Fwp%2Fv2%2Fcategories&post=2460"},{"taxonomy":"post_tag","embeddable":true,"href":"https:\/\/wgphoto.pl\/t\/index.php?rest_route=%2Fwp%2Fv2%2Ftags&post=2460"}],"curies":[{"name":"wp","href":"https:\/\/api.w.org\/{rel}","templated":true}]}}