{"id":2479,"date":"2024-10-13T15:45:31","date_gmt":"2024-10-13T13:45:31","guid":{"rendered":"https:\/\/wgphoto.pl\/t\/?p=2479"},"modified":"2024-10-13T15:45:31","modified_gmt":"2024-10-13T13:45:31","slug":"cycbergen","status":"publish","type":"post","link":"https:\/\/wgphoto.pl\/t\/?p=2479","title":{"rendered":"Cycbergen"},"content":{"rendered":"\n<figure class=\"wp-block-image aligncenter size-full\"><img loading=\"lazy\" decoding=\"async\" width=\"1400\" height=\"884\" src=\"https:\/\/wgphoto.pl\/t\/wp-content\/uploads\/2024\/10\/0735-03_rsn.jpg\" alt=\"\" class=\"wp-image-2480\" srcset=\"https:\/\/wgphoto.pl\/t\/wp-content\/uploads\/2024\/10\/0735-03_rsn.jpg 1400w, https:\/\/wgphoto.pl\/t\/wp-content\/uploads\/2024\/10\/0735-03_rsn-300x189.jpg 300w, https:\/\/wgphoto.pl\/t\/wp-content\/uploads\/2024\/10\/0735-03_rsn-768x485.jpg 768w\" sizes=\"auto, (max-width: 1400px) 100vw, 1400px\" \/><\/figure>\n\n\n\n<div class=\"wp-block-group has-global-padding is-layout-constrained wp-block-group-is-layout-constrained\">\n<p>EU07-234 z poci\u0105giem osobowym relacji Jelenia G\u00f3ra &#8211; Wroc\u0142aw G\u0142\u00f3wny opuszcza Janowice Wielkie. Perspektyw\u0119 zamykaj\u0105 Sokolik i Krzy\u017cna G\u00f3ra, w skr\u00f3cie Cycbergen. 13.10.2007<\/p>\n<\/div>\n","protected":false},"excerpt":{"rendered":"<p>EU07-234 z poci\u0105giem osobowym relacji Jelenia G\u00f3ra &#8211; Wroc\u0142aw G\u0142\u00f3wny opuszcza Janowice Wielkie. Perspektyw\u0119 zamykaj\u0105 Sokolik i Krzy\u017cna G\u00f3ra, w skr\u00f3cie Cycbergen. 13.10.2007<\/p>\n","protected":false},"author":1,"featured_media":2480,"comment_status":"open","ping_status":"","sticky":false,"template":"","format":"standard","meta":{"footnotes":""},"categories":[62,2,96],"tags":[1291,122,114,1290,126,63,27,200],"class_list":["post-2479","post","type-post","status-publish","format-standard","has-post-thumbnail","hentry","category-analog","category-kolej","category-rok-2007","tag-2007-10-13","tag-eu07","tag-gory","tag-janowice-wielkie","tag-jesien","tag-pkp","tag-polska","tag-tab-pl240"],"_links":{"self":[{"href":"https:\/\/wgphoto.pl\/t\/index.php?rest_route=\/wp\/v2\/posts\/2479","targetHints":{"allow":["GET"]}}],"collection":[{"href":"https:\/\/wgphoto.pl\/t\/index.php?rest_route=\/wp\/v2\/posts"}],"about":[{"href":"https:\/\/wgphoto.pl\/t\/index.php?rest_route=\/wp\/v2\/types\/post"}],"author":[{"embeddable":true,"href":"https:\/\/wgphoto.pl\/t\/index.php?rest_route=\/wp\/v2\/users\/1"}],"replies":[{"embeddable":true,"href":"https:\/\/wgphoto.pl\/t\/index.php?rest_route=%2Fwp%2Fv2%2Fcomments&post=2479"}],"version-history":[{"count":1,"href":"https:\/\/wgphoto.pl\/t\/index.php?rest_route=\/wp\/v2\/posts\/2479\/revisions"}],"predecessor-version":[{"id":2481,"href":"https:\/\/wgphoto.pl\/t\/index.php?rest_route=\/wp\/v2\/posts\/2479\/revisions\/2481"}],"wp:featuredmedia":[{"embeddable":true,"href":"https:\/\/wgphoto.pl\/t\/index.php?rest_route=\/wp\/v2\/media\/2480"}],"wp:attachment":[{"href":"https:\/\/wgphoto.pl\/t\/index.php?rest_route=%2Fwp%2Fv2%2Fmedia&parent=2479"}],"wp:term":[{"taxonomy":"category","embeddable":true,"href":"https:\/\/wgphoto.pl\/t\/index.php?rest_route=%2Fwp%2Fv2%2Fcategories&post=2479"},{"taxonomy":"post_tag","embeddable":true,"href":"https:\/\/wgphoto.pl\/t\/index.php?rest_route=%2Fwp%2Fv2%2Ftags&post=2479"}],"curies":[{"name":"wp","href":"https:\/\/api.w.org\/{rel}","templated":true}]}}