{"id":2482,"date":"2024-10-13T16:29:58","date_gmt":"2024-10-13T14:29:58","guid":{"rendered":"https:\/\/wgphoto.pl\/t\/?p=2482"},"modified":"2024-10-13T17:02:59","modified_gmt":"2024-10-13T15:02:59","slug":"2482","status":"publish","type":"post","link":"https:\/\/wgphoto.pl\/t\/?p=2482","title":{"rendered":"Poczt\u00f3wka z Norymbergi"},"content":{"rendered":"\n<figure class=\"wp-block-image aligncenter size-full\"><img loading=\"lazy\" decoding=\"async\" width=\"1200\" height=\"795\" src=\"https:\/\/wgphoto.pl\/t\/wp-content\/uploads\/2024\/10\/IMGP6592.jpg\" alt=\"\" class=\"wp-image-2483\" srcset=\"https:\/\/wgphoto.pl\/t\/wp-content\/uploads\/2024\/10\/IMGP6592.jpg 1200w, https:\/\/wgphoto.pl\/t\/wp-content\/uploads\/2024\/10\/IMGP6592-300x199.jpg 300w, https:\/\/wgphoto.pl\/t\/wp-content\/uploads\/2024\/10\/IMGP6592-768x509.jpg 768w\" sizes=\"auto, (max-width: 1200px) 100vw, 1200px\" \/><\/figure>\n\n\n\n<div class=\"wp-block-group has-global-padding is-layout-constrained wp-block-group-is-layout-constrained\">\n<p>Norymberga, Spittlertorgraben, GT8N 1102. Drugie co do wielko\u015bci miasto Bawarii mo\u017ce si\u0119 poszczyci\u0107 fantastycznie zachowanym Starym Miastem. Niestety tramwaje nie przeje\u017cd\u017caj\u0105 przez dawne mury miejskie, zatem taki kadr jest chyba najbardziej &#8222;poczt\u00f3wkowym&#8221;, jakie mo\u017cna w tym mie\u015bcie wykona\u0107. W tle wida\u0107 m.in. miejscowy zamek. 22.10.2019<\/p>\n<\/div>\n","protected":false},"excerpt":{"rendered":"<p>Norymberga, Spittlertorgraben, GT8N 1102. Drugie co do wielko\u015bci miasto Bawarii mo\u017ce si\u0119 poszczyci\u0107 fantastycznie zachowanym Starym Miastem. Niestety tramwaje nie przeje\u017cd\u017caj\u0105 przez dawne mury miejskie, zatem taki kadr jest chyba najbardziej &#8222;poczt\u00f3wkowym&#8221;, jakie mo\u017cna w tym mie\u015bcie wykona\u0107. W tle wida\u0107 m.in. miejscowy zamek. 22.10.2019<\/p>\n","protected":false},"author":1,"featured_media":2483,"comment_status":"open","ping_status":"","sticky":false,"template":"","format":"standard","meta":{"footnotes":""},"categories":[136,3],"tags":[1302,34,1265,23,1303,1304,575],"class_list":["post-2482","post","type-post","status-publish","format-standard","has-post-thumbnail","hentry","category-rok-2019","category-tramwaj","tag-2019-10-22","tag-architektura","tag-gtxn","tag-niemcy","tag-norymberga","tag-vag-nurnberg","tag-wakacje-2019"],"_links":{"self":[{"href":"https:\/\/wgphoto.pl\/t\/index.php?rest_route=\/wp\/v2\/posts\/2482","targetHints":{"allow":["GET"]}}],"collection":[{"href":"https:\/\/wgphoto.pl\/t\/index.php?rest_route=\/wp\/v2\/posts"}],"about":[{"href":"https:\/\/wgphoto.pl\/t\/index.php?rest_route=\/wp\/v2\/types\/post"}],"author":[{"embeddable":true,"href":"https:\/\/wgphoto.pl\/t\/index.php?rest_route=\/wp\/v2\/users\/1"}],"replies":[{"embeddable":true,"href":"https:\/\/wgphoto.pl\/t\/index.php?rest_route=%2Fwp%2Fv2%2Fcomments&post=2482"}],"version-history":[{"count":2,"href":"https:\/\/wgphoto.pl\/t\/index.php?rest_route=\/wp\/v2\/posts\/2482\/revisions"}],"predecessor-version":[{"id":2517,"href":"https:\/\/wgphoto.pl\/t\/index.php?rest_route=\/wp\/v2\/posts\/2482\/revisions\/2517"}],"wp:featuredmedia":[{"embeddable":true,"href":"https:\/\/wgphoto.pl\/t\/index.php?rest_route=\/wp\/v2\/media\/2483"}],"wp:attachment":[{"href":"https:\/\/wgphoto.pl\/t\/index.php?rest_route=%2Fwp%2Fv2%2Fmedia&parent=2482"}],"wp:term":[{"taxonomy":"category","embeddable":true,"href":"https:\/\/wgphoto.pl\/t\/index.php?rest_route=%2Fwp%2Fv2%2Fcategories&post=2482"},{"taxonomy":"post_tag","embeddable":true,"href":"https:\/\/wgphoto.pl\/t\/index.php?rest_route=%2Fwp%2Fv2%2Ftags&post=2482"}],"curies":[{"name":"wp","href":"https:\/\/api.w.org\/{rel}","templated":true}]}}