{"id":254,"date":"2024-09-28T21:45:36","date_gmt":"2024-09-28T19:45:36","guid":{"rendered":"https:\/\/wgphoto.pl\/t\/?p=254"},"modified":"2024-10-03T16:41:40","modified_gmt":"2024-10-03T14:41:40","slug":"drewno-i-skoda","status":"publish","type":"post","link":"https:\/\/wgphoto.pl\/t\/?p=254","title":{"rendered":"Drewno i \u0160koda"},"content":{"rendered":"\n<figure class=\"wp-block-image aligncenter size-full\"><img loading=\"lazy\" decoding=\"async\" width=\"1024\" height=\"683\" src=\"https:\/\/wgphoto.pl\/t\/wp-content\/uploads\/20130604171436_imgp4126.jpg\" alt=\"\" class=\"wp-image-255\" srcset=\"https:\/\/wgphoto.pl\/t\/wp-content\/uploads\/20130604171436_imgp4126.jpg 1024w, https:\/\/wgphoto.pl\/t\/wp-content\/uploads\/20130604171436_imgp4126-300x200.jpg 300w, https:\/\/wgphoto.pl\/t\/wp-content\/uploads\/20130604171436_imgp4126-768x512.jpg 768w\" sizes=\"auto, (max-width: 1024px) 100vw, 1024px\" \/><\/figure>\n\n\n\n<div class=\"wp-block-group has-global-padding is-layout-constrained wp-block-group-is-layout-constrained\">\n<p class=\"has-text-align-left\">Ryga, Miera iela. Tak\u017ce i w stolicy \u0141otwy tradycja spotyka si\u0119 z nowoczesno\u015bci\u0105, z tym \u017ce tutaj t\u0119 drug\u0105 reprezentuj\u0105 tramwaje od \u0160kody. Mia\u0142em ju\u017c okazj\u0119 zapozna\u0107 si\u0119 z nimi w Pradze, tym razem utwierdzi\u0142em si\u0119 wi\u0119c tylko w przekonaniu, \u017ce jest to bardzo udana konstrukcja, kt\u00f3ra \u015bwietnie sobie radzi na momentami nie najlepszych ryskich torach. [30.05.2013]<\/p>\n<\/div>\n","protected":false},"excerpt":{"rendered":"<p>Ryga, Miera iela. Tak\u017ce i w stolicy \u0141otwy tradycja spotyka si\u0119 z nowoczesno\u015bci\u0105, z tym \u017ce tutaj t\u0119 drug\u0105 reprezentuj\u0105 tramwaje od \u0160kody. Mia\u0142em ju\u017c okazj\u0119 zapozna\u0107 si\u0119 z nimi w Pradze, tym razem utwierdzi\u0142em si\u0119 wi\u0119c tylko w przekonaniu, \u017ce jest to bardzo udana konstrukcja, kt\u00f3ra \u015bwietnie sobie radzi na momentami nie najlepszych ryskich [&hellip;]<\/p>\n","protected":false},"author":1,"featured_media":255,"comment_status":"open","ping_status":"","sticky":false,"template":"","format":"standard","meta":{"footnotes":""},"categories":[55,3],"tags":[60,34,56,613,57,95],"class_list":["post-254","post","type-post","status-publish","format-standard","has-post-thumbnail","hentry","category-rok-2013","category-tramwaj","tag-2013-05-30","tag-architektura","tag-lotwa","tag-rs-riga","tag-ryga","tag-skoda-15t"],"_links":{"self":[{"href":"https:\/\/wgphoto.pl\/t\/index.php?rest_route=\/wp\/v2\/posts\/254","targetHints":{"allow":["GET"]}}],"collection":[{"href":"https:\/\/wgphoto.pl\/t\/index.php?rest_route=\/wp\/v2\/posts"}],"about":[{"href":"https:\/\/wgphoto.pl\/t\/index.php?rest_route=\/wp\/v2\/types\/post"}],"author":[{"embeddable":true,"href":"https:\/\/wgphoto.pl\/t\/index.php?rest_route=\/wp\/v2\/users\/1"}],"replies":[{"embeddable":true,"href":"https:\/\/wgphoto.pl\/t\/index.php?rest_route=%2Fwp%2Fv2%2Fcomments&post=254"}],"version-history":[{"count":3,"href":"https:\/\/wgphoto.pl\/t\/index.php?rest_route=\/wp\/v2\/posts\/254\/revisions"}],"predecessor-version":[{"id":449,"href":"https:\/\/wgphoto.pl\/t\/index.php?rest_route=\/wp\/v2\/posts\/254\/revisions\/449"}],"wp:featuredmedia":[{"embeddable":true,"href":"https:\/\/wgphoto.pl\/t\/index.php?rest_route=\/wp\/v2\/media\/255"}],"wp:attachment":[{"href":"https:\/\/wgphoto.pl\/t\/index.php?rest_route=%2Fwp%2Fv2%2Fmedia&parent=254"}],"wp:term":[{"taxonomy":"category","embeddable":true,"href":"https:\/\/wgphoto.pl\/t\/index.php?rest_route=%2Fwp%2Fv2%2Fcategories&post=254"},{"taxonomy":"post_tag","embeddable":true,"href":"https:\/\/wgphoto.pl\/t\/index.php?rest_route=%2Fwp%2Fv2%2Ftags&post=254"}],"curies":[{"name":"wp","href":"https:\/\/api.w.org\/{rel}","templated":true}]}}