{"id":257,"date":"2024-09-28T21:48:53","date_gmt":"2024-09-28T19:48:53","guid":{"rendered":"https:\/\/wgphoto.pl\/t\/?p=257"},"modified":"2026-02-22T23:16:01","modified_gmt":"2026-02-22T22:16:01","slug":"uno-city","status":"publish","type":"post","link":"https:\/\/wgphoto.pl\/t\/?p=257","title":{"rendered":"UNO-City"},"content":{"rendered":"\n<figure class=\"wp-block-image aligncenter size-full\"><img loading=\"lazy\" decoding=\"async\" width=\"1024\" height=\"683\" src=\"https:\/\/wgphoto.pl\/t\/wp-content\/uploads\/20130605203526_0720-21.jpg\" alt=\"\" class=\"wp-image-258\" srcset=\"https:\/\/wgphoto.pl\/t\/wp-content\/uploads\/20130605203526_0720-21.jpg 1024w, https:\/\/wgphoto.pl\/t\/wp-content\/uploads\/20130605203526_0720-21-300x200.jpg 300w, https:\/\/wgphoto.pl\/t\/wp-content\/uploads\/20130605203526_0720-21-768x512.jpg 768w\" sizes=\"auto, (max-width: 1024px) 100vw, 1024px\" \/><\/figure>\n\n\n\n<div class=\"wp-block-group has-global-padding is-layout-constrained wp-block-group-is-layout-constrained\">\n<p class=\"has-text-align-left\">Sk\u0142ad linii U1, prowadzony wagonem U11 #3223, opu\u015bci\u0142 widoczn\u0105 w tle stacj\u0119 Kaiserm\u00fchlen VIC i za chwil\u0119 schowa si\u0119 w tunelu pod jezdni\u0105 Reichsbr\u00fccke, kt\u00f3rym to mostem przeprawi si\u0119 przez Dunaj. To w\u0142a\u015bnie w tym miejscu, jakie\u015b 14 lat przed wykonaniem tego zdj\u0119cia, pierwszy raz w \u017cyciu wjecha\u0142em metrem w klaustrofobiczny tunel. \ud83d\ude09 W tle widoczny jest kompleks zabudowa\u0144 Vienna International Centre, zwany tak\u017ce UNO-City, mieszcz\u0105cy siedziby instytucji zwi\u0105zanych z ONZ. [09.08.2007]<\/p>\n<\/div>\n","protected":false},"excerpt":{"rendered":"<p>Sk\u0142ad linii U1, prowadzony wagonem U11 #3223, opu\u015bci\u0142 widoczn\u0105 w tle stacj\u0119 Kaiserm\u00fchlen VIC i za chwil\u0119 schowa si\u0119 w tunelu pod jezdni\u0105 Reichsbr\u00fccke, kt\u00f3rym to mostem przeprawi si\u0119 przez Dunaj. To w\u0142a\u015bnie w tym miejscu, jakie\u015b 14 lat przed wykonaniem tego zdj\u0119cia, pierwszy raz w \u017cyciu wjecha\u0142em metrem w klaustrofobiczny tunel. \ud83d\ude09 W tle [&hellip;]<\/p>\n","protected":false},"author":1,"featured_media":258,"comment_status":"open","ping_status":"","sticky":false,"template":"","format":"standard","meta":{"footnotes":""},"categories":[62,4,96],"tags":[100,34,9,4680,99,97,98],"class_list":["post-257","post","type-post","status-publish","format-standard","has-post-thumbnail","hentry","category-analog","category-metro","category-rok-2007","tag-2007-08-09","tag-architektura","tag-austria","tag-u","tag-u-bahn-wien","tag-wieden","tag-wiener-linien"],"_links":{"self":[{"href":"https:\/\/wgphoto.pl\/t\/index.php?rest_route=\/wp\/v2\/posts\/257","targetHints":{"allow":["GET"]}}],"collection":[{"href":"https:\/\/wgphoto.pl\/t\/index.php?rest_route=\/wp\/v2\/posts"}],"about":[{"href":"https:\/\/wgphoto.pl\/t\/index.php?rest_route=\/wp\/v2\/types\/post"}],"author":[{"embeddable":true,"href":"https:\/\/wgphoto.pl\/t\/index.php?rest_route=\/wp\/v2\/users\/1"}],"replies":[{"embeddable":true,"href":"https:\/\/wgphoto.pl\/t\/index.php?rest_route=%2Fwp%2Fv2%2Fcomments&post=257"}],"version-history":[{"count":3,"href":"https:\/\/wgphoto.pl\/t\/index.php?rest_route=\/wp\/v2\/posts\/257\/revisions"}],"predecessor-version":[{"id":448,"href":"https:\/\/wgphoto.pl\/t\/index.php?rest_route=\/wp\/v2\/posts\/257\/revisions\/448"}],"wp:featuredmedia":[{"embeddable":true,"href":"https:\/\/wgphoto.pl\/t\/index.php?rest_route=\/wp\/v2\/media\/258"}],"wp:attachment":[{"href":"https:\/\/wgphoto.pl\/t\/index.php?rest_route=%2Fwp%2Fv2%2Fmedia&parent=257"}],"wp:term":[{"taxonomy":"category","embeddable":true,"href":"https:\/\/wgphoto.pl\/t\/index.php?rest_route=%2Fwp%2Fv2%2Fcategories&post=257"},{"taxonomy":"post_tag","embeddable":true,"href":"https:\/\/wgphoto.pl\/t\/index.php?rest_route=%2Fwp%2Fv2%2Ftags&post=257"}],"curies":[{"name":"wp","href":"https:\/\/api.w.org\/{rel}","templated":true}]}}